{"id":105444,"date":"2024-09-12T19:11:03","date_gmt":"2024-09-12T23:11:03","guid":{"rendered":"https:\/\/adra.ca\/?p=105444"},"modified":"2025-01-28T00:44:38","modified_gmt":"2025-01-28T05:44:38","slug":"project-act-now-for-the-prevention-of-incidence-of-famine-project","status":"publish","type":"post","link":"https:\/\/adra.ca\/fr\/projects\/project-act-now-for-the-prevention-of-incidence-of-famine-project\/","title":{"rendered":"Projet : Agissez maintenant"},"content":{"rendered":"<div data-elementor-type=\"wp-post\" data-elementor-id=\"105444\" class=\"elementor elementor-105444\" data-elementor-post-type=\"post\">\n\t\t\t\t<div class=\"elementor-element elementor-element-c69e54a e-flex e-con-boxed e-con e-parent\" data-id=\"c69e54a\" data-element_type=\"container\" data-e-type=\"container\">\n\t\t\t\t\t<div class=\"e-con-inner\">\n\t\t\t\t<div class=\"elementor-element elementor-element-e8d4c25 elementor-view-framed elementor-widget__width-initial elementor-shape-circle elementor-position-block-start elementor-mobile-position-block-start elementor-widget elementor-widget-icon-box\" data-id=\"e8d4c25\" data-element_type=\"widget\" data-e-type=\"widget\" data-widget_type=\"icon-box.default\">\n\t\t\t\t<div class=\"elementor-widget-container\">\n\t\t\t\t\t\t\t<div class=\"elementor-icon-box-wrapper\">\n\n\t\t\t\t\t\t<div class=\"elementor-icon-box-icon\">\n\t\t\t\t<span  class=\"elementor-icon\">\n\t\t\t\t<i aria-hidden=\"true\" class=\"fas fa-hands-helping\"><\/i>\t\t\t\t<\/span>\n\t\t\t<\/div>\n\t\t\t\n\t\t\t\t\t\t<div class=\"elementor-icon-box-content\">\n\n\t\t\t\t\t\t\t\t\t<h3 class=\"elementor-icon-box-title\">\n\t\t\t\t\t\t<span  >\n\t\t\t\t\t\t\tPartenaire\t\t\t\t\t\t<\/span>\n\t\t\t\t\t<\/h3>\n\t\t\t\t\n\t\t\t\t\t\t\t\t\t<p class=\"elementor-icon-box-description\">\n\t\t\t\t\t\tCFGB, ADRA Somalie\t\t\t\t\t<\/p>\n\t\t\t\t\n\t\t\t<\/div>\n\t\t\t\n\t\t<\/div>\n\t\t\t\t\t\t<\/div>\n\t\t\t\t<\/div>\n\t\t\t\t<div class=\"elementor-element elementor-element-1791a07 elementor-view-framed elementor-widget__width-initial elementor-shape-circle elementor-position-block-start elementor-mobile-position-block-start elementor-widget elementor-widget-icon-box\" data-id=\"1791a07\" data-element_type=\"widget\" data-e-type=\"widget\" data-widget_type=\"icon-box.default\">\n\t\t\t\t<div class=\"elementor-widget-container\">\n\t\t\t\t\t\t\t<div class=\"elementor-icon-box-wrapper\">\n\n\t\t\t\t\t\t<div class=\"elementor-icon-box-icon\">\n\t\t\t\t<span  class=\"elementor-icon\">\n\t\t\t\t<i aria-hidden=\"true\" class=\"fas fa-chart-line\"><\/i>\t\t\t\t<\/span>\n\t\t\t<\/div>\n\t\t\t\n\t\t\t\t\t\t<div class=\"elementor-icon-box-content\">\n\n\t\t\t\t\t\t\t\t\t<h3 class=\"elementor-icon-box-title\">\n\t\t\t\t\t\t<span  >\n\t\t\t\t\t\t\tImpact\t\t\t\t\t\t<\/span>\n\t\t\t\t\t<\/h3>\n\t\t\t\t\n\t\t\t\t\t\t\t\t\t<p class=\"elementor-icon-box-description\">\n\t\t\t\t\t\t6544 personnes\t\t\t\t\t<\/p>\n\t\t\t\t\n\t\t\t<\/div>\n\t\t\t\n\t\t<\/div>\n\t\t\t\t\t\t<\/div>\n\t\t\t\t<\/div>\n\t\t\t\t<div class=\"elementor-element elementor-element-2f3cb7a elementor-view-framed elementor-widget__width-initial elementor-shape-circle elementor-position-block-start elementor-mobile-position-block-start elementor-widget elementor-widget-icon-box\" data-id=\"2f3cb7a\" data-element_type=\"widget\" data-e-type=\"widget\" data-widget_type=\"icon-box.default\">\n\t\t\t\t<div class=\"elementor-widget-container\">\n\t\t\t\t\t\t\t<div class=\"elementor-icon-box-wrapper\">\n\n\t\t\t\t\t\t<div class=\"elementor-icon-box-icon\">\n\t\t\t\t<span  class=\"elementor-icon\">\n\t\t\t\t<i aria-hidden=\"true\" class=\"fas fa-globe-americas\"><\/i>\t\t\t\t<\/span>\n\t\t\t<\/div>\n\t\t\t\n\t\t\t\t\t\t<div class=\"elementor-icon-box-content\">\n\n\t\t\t\t\t\t\t\t\t<h3 class=\"elementor-icon-box-title\">\n\t\t\t\t\t\t<span  >\n\t\t\t\t\t\t\tPays\t\t\t\t\t\t<\/span>\n\t\t\t\t\t<\/h3>\n\t\t\t\t\n\t\t\t\t\t\t\t\t\t<p class=\"elementor-icon-box-description\">\n\t\t\t\t\t\tSomalie\t\t\t\t\t<\/p>\n\t\t\t\t\n\t\t\t<\/div>\n\t\t\t\n\t\t<\/div>\n\t\t\t\t\t\t<\/div>\n\t\t\t\t<\/div>\n\t\t\t\t\t<\/div>\n\t\t\t\t<\/div>\n\t\t<div class=\"elementor-element elementor-element-a93057f e-flex e-con-boxed e-con e-parent\" data-id=\"a93057f\" data-element_type=\"container\" data-e-type=\"container\">\n\t\t\t\t\t<div class=\"e-con-inner\">\n\t\t<div class=\"elementor-element elementor-element-602e6fc e-con-full e-flex e-con e-child\" data-id=\"602e6fc\" data-element_type=\"container\" data-e-type=\"container\">\n\t\t\t\t<div class=\"elementor-element elementor-element-e8a75a4 elementor-widget elementor-widget-heading\" data-id=\"e8a75a4\" data-element_type=\"widget\" data-e-type=\"widget\" data-widget_type=\"heading.default\">\n\t\t\t\t<div class=\"elementor-widget-container\">\n\t\t\t\t\t<h2 class=\"elementor-heading-title elementor-size-default\">Contexte du projet<\/h2>\t\t\t\t<\/div>\n\t\t\t\t<\/div>\n\t\t\t\t<div class=\"elementor-element elementor-element-69acd5c elementor-widget elementor-widget-text-editor\" data-id=\"69acd5c\" data-element_type=\"widget\" data-e-type=\"widget\" data-widget_type=\"text-editor.default\">\n\t\t\t\t<div class=\"elementor-widget-container\">\n\t\t\t\t\t\t\t\t\t<p><span style=\"font-weight: 400;\">Le projet \u00ab Agir maintenant pour la pr\u00e9vention de la famine \u00bb en Somalie vise \u00e0 rem\u00e9dier \u00e0 la grave crise d\u2019ins\u00e9curit\u00e9 alimentaire qui perdure, aggrav\u00e9e par la s\u00e9cheresse prolong\u00e9e, les conflits et l\u2019instabilit\u00e9 \u00e9conomique. Ces facteurs ont entra\u00een\u00e9 une malnutrition g\u00e9n\u00e9ralis\u00e9e, des d\u00e9placements de population et un risque \u00e9lev\u00e9 de famine, en particulier parmi les groupes vuln\u00e9rables tels que les enfants, les femmes et les personnes \u00e2g\u00e9es. Le projet vise \u00e0 att\u00e9nuer le risque de famine en fournissant une aide humanitaire imm\u00e9diate, en renfor\u00e7ant les capacit\u00e9s locales de production alimentaire et en am\u00e9liorant la r\u00e9silience des communaut\u00e9s pour faire face aux chocs futurs. L\u2019intervention vise \u00e9galement \u00e0 am\u00e9liorer l\u2019acc\u00e8s \u00e0 l\u2019eau potable, \u00e0 la nutrition et aux services de sant\u00e9 pour r\u00e9pondre aux besoins imm\u00e9diats des populations touch\u00e9es.<\/span><\/p>\t\t\t\t\t\t\t\t<\/div>\n\t\t\t\t<\/div>\n\t\t\t\t<\/div>\n\t\t\t\t\t<\/div>\n\t\t\t\t<\/div>\n\t\t<div class=\"elementor-element elementor-element-50b68da e-flex e-con-boxed e-con e-parent\" data-id=\"50b68da\" data-element_type=\"container\" data-e-type=\"container\">\n\t\t\t\t\t<div class=\"e-con-inner\">\n\t\t<div class=\"elementor-element elementor-element-97a07a5 e-con-full e-flex e-con e-child\" data-id=\"97a07a5\" data-element_type=\"container\" data-e-type=\"container\">\n\t\t\t\t<div class=\"elementor-element elementor-element-81e3fc8 elementor-widget elementor-widget-heading\" data-id=\"81e3fc8\" data-element_type=\"widget\" data-e-type=\"widget\" data-widget_type=\"heading.default\">\n\t\t\t\t<div class=\"elementor-widget-container\">\n\t\t\t\t\t<h2 class=\"elementor-heading-title elementor-size-default\">R\u00e9sum\u00e9 du projet<\/h2>\t\t\t\t<\/div>\n\t\t\t\t<\/div>\n\t\t\t\t<div class=\"elementor-element elementor-element-a79eb56 elementor-widget elementor-widget-text-editor\" data-id=\"a79eb56\" data-element_type=\"widget\" data-e-type=\"widget\" data-widget_type=\"text-editor.default\">\n\t\t\t\t<div class=\"elementor-widget-container\">\n\t\t\t\t\t\t\t\t\t<p><span style=\"font-weight: 400;\">Le projet \u00ab Agir maintenant pour la pr\u00e9vention de la famine \u00bb a permis de r\u00e9aliser des progr\u00e8s consid\u00e9rables dans la pr\u00e9vention de la famine et l\u2019am\u00e9lioration de la s\u00e9curit\u00e9 alimentaire en Somalie. Parmi les principales r\u00e9alisations figurent la distribution d\u2019aide alimentaire d\u2019urgence et d\u2019aide en esp\u00e8ces aux m\u00e9nages les plus vuln\u00e9rables, la fourniture d\u2019eau potable gr\u00e2ce \u00e0 la r\u00e9habilitation des points d\u2019eau et le soutien aux petits agriculteurs par la distribution de semences r\u00e9sistantes \u00e0 la s\u00e9cheresse et la formation agricole. Le projet a \u00e9galement mis en \u0153uvre des programmes de nutrition ciblant les enfants mal nourris et les femmes enceintes et allaitantes, r\u00e9duisant ainsi consid\u00e9rablement les taux de malnutrition dans les zones cibl\u00e9es. Malgr\u00e9 des d\u00e9fis tels que les contraintes s\u00e9curitaires et les conditions m\u00e9t\u00e9orologiques difficiles, le projet s\u2019est adapt\u00e9 en renfor\u00e7ant l\u2019engagement communautaire et la coordination avec les autorit\u00e9s locales. En cons\u00e9quence, le projet a jou\u00e9 un r\u00f4le crucial dans la stabilisation de la s\u00e9curit\u00e9 alimentaire et l\u2019am\u00e9lioration de la r\u00e9silience des communaut\u00e9s menac\u00e9es par la famine en Somalie.<\/span><\/p>\t\t\t\t\t\t\t\t<\/div>\n\t\t\t\t<\/div>\n\t\t\t\t<div class=\"elementor-element elementor-element-1a58227 elementor-widget elementor-widget-html\" data-id=\"1a58227\" data-element_type=\"widget\" data-e-type=\"widget\" data-widget_type=\"html.default\">\n\t\t\t\t<div class=\"elementor-widget-container\">\n\t\t\t\t\t<div style=\"text-align:center;\"><a href=\"#XJKJJFLG\" style=\"display: none\"><\/a><\/div>\t\t\t\t<\/div>\n\t\t\t\t<\/div>\n\t\t\t\t<\/div>\n\t\t\t\t\t<\/div>\n\t\t\t\t<\/div>\n\t\t\t\t<\/div>","protected":false},"excerpt":{"rendered":"<p>Le projet \u00ab Agir maintenant pour la pr\u00e9vention de l\u2019incidence de la famine \u00bb en Somalie s\u2019attaque \u00e0 la grave crise d\u2019ins\u00e9curit\u00e9 alimentaire actuelle, exacerb\u00e9e par la s\u00e9cheresse prolong\u00e9e, les conflits et l\u2019instabilit\u00e9 \u00e9conomique.<\/p>","protected":false},"author":15,"featured_media":105447,"comment_status":"open","ping_status":"open","sticky":false,"template":"","format":"standard","meta":{"wds_primary_category":1,"footnotes":""},"categories":[186],"tags":[187,193,194],"class_list":["post-105444","post","type-post","status-publish","format-standard","has-post-thumbnail","hentry","category-projects","tag-africa","tag-em-projects","tag-somalia"],"_links":{"self":[{"href":"https:\/\/adra.ca\/fr\/wp-json\/wp\/v2\/posts\/105444","targetHints":{"allow":["GET"]}}],"collection":[{"href":"https:\/\/adra.ca\/fr\/wp-json\/wp\/v2\/posts"}],"about":[{"href":"https:\/\/adra.ca\/fr\/wp-json\/wp\/v2\/types\/post"}],"author":[{"embeddable":true,"href":"https:\/\/adra.ca\/fr\/wp-json\/wp\/v2\/users\/15"}],"replies":[{"embeddable":true,"href":"https:\/\/adra.ca\/fr\/wp-json\/wp\/v2\/comments?post=105444"}],"version-history":[{"count":0,"href":"https:\/\/adra.ca\/fr\/wp-json\/wp\/v2\/posts\/105444\/revisions"}],"wp:featuredmedia":[{"embeddable":true,"href":"https:\/\/adra.ca\/fr\/wp-json\/wp\/v2\/media\/105447"}],"wp:attachment":[{"href":"https:\/\/adra.ca\/fr\/wp-json\/wp\/v2\/media?parent=105444"}],"wp:term":[{"taxonomy":"category","embeddable":true,"href":"https:\/\/adra.ca\/fr\/wp-json\/wp\/v2\/categories?post=105444"},{"taxonomy":"post_tag","embeddable":true,"href":"https:\/\/adra.ca\/fr\/wp-json\/wp\/v2\/tags?post=105444"}],"curies":[{"name":"wp","href":"https:\/\/api.w.org\/{rel}","templated":true}]}}