{"id":123842,"date":"2025-05-12T11:47:29","date_gmt":"2025-05-12T15:47:29","guid":{"rendered":"https:\/\/adra.ca\/?p=123842"},"modified":"2025-05-21T10:50:13","modified_gmt":"2025-05-21T14:50:13","slug":"a-month-since-the-earth-shook-in-myanmar","status":"publish","type":"post","link":"https:\/\/adra.ca\/fr\/stories\/a-month-since-the-earth-shook-in-myanmar\/","title":{"rendered":"Un mois apr\u00e8s le tremblement de terre au Myanmar"},"content":{"rendered":"<div data-elementor-type=\"wp-post\" data-elementor-id=\"123842\" class=\"elementor elementor-123842\" data-elementor-post-type=\"post\">\n\t\t\t\t<div class=\"elementor-element elementor-element-6bf210c8 e-flex e-con-boxed e-con e-parent\" data-id=\"6bf210c8\" data-element_type=\"container\" data-e-type=\"container\">\n\t\t\t\t\t<div class=\"e-con-inner\">\n\t\t\t\t<div class=\"elementor-element elementor-element-1b63a1d elementor-widget elementor-widget-text-editor\" data-id=\"1b63a1d\" data-element_type=\"widget\" data-e-type=\"widget\" data-widget_type=\"text-editor.default\">\n\t\t\t\t<div class=\"elementor-widget-container\">\n\t\t\t\t\t\t\t\t\t<p>Lorsqu\u2019un tremblement de terre de magnitude 7,7 a frapp\u00e9 le Myanmar le 28 mars de cette ann\u00e9e, ADRA a r\u00e9agi rapidement, gr\u00e2ce \u00e0 la force de notre r\u00e9seau, de nos partenariats et de nos sympathisants.<\/p><p>Mais tandis que nos secours se poursuivaient, le v\u00e9ritable bilan de la catastrophe commen\u00e7ait \u00e0 se r\u00e9v\u00e9ler. Depuis notre derni\u00e8re mise \u00e0 jour majeure, les statistiques n&#039;ont fait que s&#039;amplifier.<\/p><p>La situation est plus grave que jamais, avec 3\u00a0800 morts, 5\u00a0100 bless\u00e9s, 116 disparus et 207\u00a0000 d\u00e9plac\u00e9s internes. On compte \u00e9galement au moins 5\u00a0223 b\u00e2timents endommag\u00e9s et 3,6 millions d&#039;hectares de terres cultiv\u00e9es affect\u00e9es. Les 58 communes les plus touch\u00e9es comptent, au total, environ 9 millions de personnes, dont 2,7 millions d&#039;enfants.<\/p><p>La situation de l&#039;eau est particuli\u00e8rement critique. Entre 20 et 60 % des sources d&#039;eau du pays ont \u00e9t\u00e9 affect\u00e9es. Des forages et des puits ont \u00e9t\u00e9 endommag\u00e9s ou contamin\u00e9s dans tout le pays. Le manque d&#039;eau potable est rapidement devenu un probl\u00e8me majeur.<\/p><p>L&#039;ampleur des terres cultiv\u00e9es endommag\u00e9es est source d&#039;inqui\u00e9tudes suppl\u00e9mentaires. Avec une productivit\u00e9 agricole consid\u00e9rablement r\u00e9duite, l&#039;ins\u00e9curit\u00e9 alimentaire risque d&#039;augmenter dans tout le pays. Cette situation ne fera que s&#039;aggraver en juin, avec le d\u00e9but de la mousson, aggravant la situation des familles et des exploitations agricoles d\u00e9j\u00e0 durement touch\u00e9es par la perte de leurs terres fertiles.<\/p><p>Malgr\u00e9 toutes ces mauvaises nouvelles, l&#039;espoir persiste. Le r\u00e9seau ADRA a rapidement mobilis\u00e9 957\u00a0901 dollars am\u00e9ricains pour ses op\u00e9rations de secours et a fourni une aide financi\u00e8re polyvalente \u00e0 1\u00a0793 familles. Ce chiffre correspond aux 14\u00a0136 m\u00e9nages cibl\u00e9s par ADRA pour b\u00e9n\u00e9ficier d&#039;une aide financi\u00e8re. Avant fin mai, ADRA devrait distribuer des kits d&#039;hygi\u00e8ne et d&#039;assainissement, de l&#039;argent pour la nourriture, des abris et des articles non alimentaires (tentes, couvertures, etc.). Ces articles sont particuli\u00e8rement importants pour les familles qui vivent actuellement \u00e0 la belle \u00e9toile, mais qui h\u00e9sitent \u00e0 emm\u00e9nager dans un b\u00e2timent par crainte d&#039;une instabilit\u00e9 structurelle apr\u00e8s le s\u00e9isme.<\/p><p>Avec plus de 1\u00a0700 familles aid\u00e9es \u00e0 ce jour, il reste encore beaucoup \u00e0 faire. De multiples zones d&#039;intervention doivent encore \u00eatre mises en \u0153uvre ou renforc\u00e9es, et les ravages caus\u00e9s par le s\u00e9isme initial ont \u00e9t\u00e9 aggrav\u00e9s par des r\u00e9pliques r\u00e9p\u00e9t\u00e9es. Des ressources \u00e9ducatives pour les enfants et les enseignants sont indispensables, tout comme des kits de dignit\u00e9 pour la sant\u00e9 menstruelle.<\/p><p>Chez ADRA Canada, nous croyons au pouvoir de notre r\u00e9seau et de nos sympathisants. Nous croyons qu&#039;il y a encore de l&#039;espoir pour le Myanmar \u2013 et cet espoir na\u00eet dans nos c\u0153urs et dans les v\u00f4tres.<\/p><p><!-- \/wp:paragraph --><\/p>\t\t\t\t\t\t\t\t<\/div>\n\t\t\t\t<\/div>\n\t\t\t\t\t<\/div>\n\t\t\t\t<\/div>\n\t\t\t\t<\/div>","protected":false},"excerpt":{"rendered":"<p>Lorsqu\u2019un tremblement de terre de magnitude 7,7 a frapp\u00e9 le Myanmar le 28 mars de cette ann\u00e9e, ADRA a r\u00e9agi rapidement, gr\u00e2ce \u00e0 la force de notre r\u00e9seau, de nos partenariats et de nos sympathisants.<\/p>","protected":false},"author":15,"featured_media":122443,"comment_status":"closed","ping_status":"closed","sticky":false,"template":"elementor_theme","format":"standard","meta":{"wds_primary_category":19,"footnotes":""},"categories":[61,19],"tags":[159,125,145,119],"class_list":["post-123842","post","type-post","status-publish","format-standard","has-post-thumbnail","hentry","category-news-releases","category-stories","tag-emergency","tag-myanmar","tag-news-and-stories","tag-thailand"],"_links":{"self":[{"href":"https:\/\/adra.ca\/fr\/wp-json\/wp\/v2\/posts\/123842","targetHints":{"allow":["GET"]}}],"collection":[{"href":"https:\/\/adra.ca\/fr\/wp-json\/wp\/v2\/posts"}],"about":[{"href":"https:\/\/adra.ca\/fr\/wp-json\/wp\/v2\/types\/post"}],"author":[{"embeddable":true,"href":"https:\/\/adra.ca\/fr\/wp-json\/wp\/v2\/users\/15"}],"replies":[{"embeddable":true,"href":"https:\/\/adra.ca\/fr\/wp-json\/wp\/v2\/comments?post=123842"}],"version-history":[{"count":0,"href":"https:\/\/adra.ca\/fr\/wp-json\/wp\/v2\/posts\/123842\/revisions"}],"wp:featuredmedia":[{"embeddable":true,"href":"https:\/\/adra.ca\/fr\/wp-json\/wp\/v2\/media\/122443"}],"wp:attachment":[{"href":"https:\/\/adra.ca\/fr\/wp-json\/wp\/v2\/media?parent=123842"}],"wp:term":[{"taxonomy":"category","embeddable":true,"href":"https:\/\/adra.ca\/fr\/wp-json\/wp\/v2\/categories?post=123842"},{"taxonomy":"post_tag","embeddable":true,"href":"https:\/\/adra.ca\/fr\/wp-json\/wp\/v2\/tags?post=123842"}],"curies":[{"name":"wp","href":"https:\/\/api.w.org\/{rel}","templated":true}]}}