{"id":140269,"date":"2025-06-25T16:00:55","date_gmt":"2025-06-25T20:00:55","guid":{"rendered":"https:\/\/adra.ca\/?p=140269"},"modified":"2025-07-15T09:20:06","modified_gmt":"2025-07-15T13:20:06","slug":"journey-of-hope-and-service","status":"publish","type":"post","link":"https:\/\/adra.ca\/fr\/stories\/journey-of-hope-and-service\/","title":{"rendered":"Voyage d&#039;espoir et de service"},"content":{"rendered":"<div data-elementor-type=\"wp-post\" data-elementor-id=\"140269\" class=\"elementor elementor-140269\" data-elementor-post-type=\"post\">\n\t\t\t\t<div class=\"elementor-element elementor-element-6bf210c8 e-flex e-con-boxed e-con e-parent\" data-id=\"6bf210c8\" data-element_type=\"container\" data-e-type=\"container\">\n\t\t\t\t\t<div class=\"e-con-inner\">\n\t\t\t\t<div class=\"elementor-element elementor-element-e2b01b4 gallery-spacing-custom elementor-widget elementor-widget-image-gallery\" data-id=\"e2b01b4\" data-element_type=\"widget\" data-e-type=\"widget\" data-widget_type=\"image-gallery.default\">\n\t\t\t\t<div class=\"elementor-widget-container\">\n\t\t\t\t\t\t\t<div class=\"elementor-image-gallery\">\n\t\t\t<div id='gallery-1' class='gallery galleryid-140269 gallery-columns-2 gallery-size-large'><figure class='gallery-item'>\n\t\t\t<div class='gallery-icon landscape'>\n\t\t\t\t<a data-elementor-open-lightbox=\"yes\" data-elementor-lightbox-slideshow=\"e2b01b4\" data-elementor-lightbox-title=\"image (36)\" data-e-action-hash=\"#elementor-action%3Aaction%3Dlightbox%26settings%3DeyJpZCI6MTQwMjg1LCJ1cmwiOiJodHRwczpcL1wvYWRyYS5jYVwvd3AtY29udGVudFwvdXBsb2Fkc1wvMjAyNVwvMDdcL2ltYWdlLTM2LXNjYWxlZC5wbmciLCJzbGlkZXNob3ciOiJlMmIwMWI0In0%3D\" href='https:\/\/adra.ca\/wp-content\/uploads\/2025\/07\/image-36-scaled.png'><img fetchpriority=\"high\" width=\"800\" height=\"450\" src=\"https:\/\/adra.ca\/wp-content\/uploads\/2025\/07\/image-36-1024x576.png\" class=\"attachment-large size-large\" alt=\"\" decoding=\"async\" srcset=\"https:\/\/adra.ca\/wp-content\/uploads\/2025\/07\/image-36-1024x576.png 1024w, https:\/\/adra.ca\/wp-content\/uploads\/2025\/07\/image-36-scaled-1200x675.png 1200w, https:\/\/adra.ca\/wp-content\/uploads\/2025\/07\/image-36-300x169.png 300w, https:\/\/adra.ca\/wp-content\/uploads\/2025\/07\/image-36-768x432.png 768w, https:\/\/adra.ca\/wp-content\/uploads\/2025\/07\/image-36-1536x864.png 1536w, https:\/\/adra.ca\/wp-content\/uploads\/2025\/07\/image-36-2048x1152.png 2048w, https:\/\/adra.ca\/wp-content\/uploads\/2025\/07\/image-36-18x10.png 18w\" sizes=\"(max-width: 800px) 100vw, 800px\" \/><\/a>\n\t\t\t<\/div><\/figure><figure class='gallery-item'>\n\t\t\t<div class='gallery-icon landscape'>\n\t\t\t\t<a data-elementor-open-lightbox=\"yes\" data-elementor-lightbox-slideshow=\"e2b01b4\" data-elementor-lightbox-title=\"image (35)\" data-e-action-hash=\"#elementor-action%3Aaction%3Dlightbox%26settings%3DeyJpZCI6MTQwMjg0LCJ1cmwiOiJodHRwczpcL1wvYWRyYS5jYVwvd3AtY29udGVudFwvdXBsb2Fkc1wvMjAyNVwvMDdcL2ltYWdlLTM1LXNjYWxlZC5wbmciLCJzbGlkZXNob3ciOiJlMmIwMWI0In0%3D\" href='https:\/\/adra.ca\/wp-content\/uploads\/2025\/07\/image-35-scaled.png'><img width=\"800\" height=\"456\" data-src=\"https:\/\/adra.ca\/wp-content\/uploads\/2025\/07\/image-35-1024x584.png\" class=\"attachment-large size-large lazyload\" alt=\"\" decoding=\"async\" data-srcset=\"https:\/\/adra.ca\/wp-content\/uploads\/2025\/07\/image-35-1024x584.png 1024w, https:\/\/adra.ca\/wp-content\/uploads\/2025\/07\/image-35-scaled-1200x685.png 1200w, https:\/\/adra.ca\/wp-content\/uploads\/2025\/07\/image-35-300x171.png 300w, https:\/\/adra.ca\/wp-content\/uploads\/2025\/07\/image-35-768x438.png 768w, https:\/\/adra.ca\/wp-content\/uploads\/2025\/07\/image-35-1536x876.png 1536w, https:\/\/adra.ca\/wp-content\/uploads\/2025\/07\/image-35-2048x1168.png 2048w, https:\/\/adra.ca\/wp-content\/uploads\/2025\/07\/image-35-18x10.png 18w\" data-sizes=\"(max-width: 800px) 100vw, 800px\" src=\"data:image\/svg+xml;base64,PHN2ZyB3aWR0aD0iMSIgaGVpZ2h0PSIxIiB4bWxucz0iaHR0cDovL3d3dy53My5vcmcvMjAwMC9zdmciPjwvc3ZnPg==\" style=\"--smush-placeholder-width: 800px; --smush-placeholder-aspect-ratio: 800\/456;\" \/><\/a>\n\t\t\t<\/div><\/figure>\n\t\t<\/div>\n\t\t<\/div>\n\t\t\t\t\t\t<\/div>\n\t\t\t\t<\/div>\n\t\t\t\t<div class=\"elementor-element elementor-element-1b63a1d elementor-widget elementor-widget-text-editor\" data-id=\"1b63a1d\" data-element_type=\"widget\" data-e-type=\"widget\" data-widget_type=\"text-editor.default\">\n\t\t\t\t<div class=\"elementor-widget-container\">\n\t\t\t\t\t\t\t\t\t<p><span data-contrast=\"auto\">Des leaders r\u00e9silients comme Phay Tieng transforment leurs communaut\u00e9s dans la province de Preah Vihear. Imaginez une jeune fille contrainte d&#039;abandonner l&#039;\u00e9cole en troisi\u00e8me pour aider sa m\u00e8re \u00e0 subvenir aux besoins de la famille\u00a0: telle \u00e9tait la r\u00e9alit\u00e9 de Phay Tieng. \u00c9lev\u00e9e sans p\u00e8re, elle a vu sa m\u00e8re tout sacrifier pour subvenir \u00e0 ses besoins, mais Phay Tieng n&#039;a jamais renonc\u00e9 \u00e0 son r\u00eave d&#039;un avenir meilleur.<\/span><span data-ccp-props=\"{&quot;134233117&quot;:false,&quot;134233118&quot;:false,&quot;335559738&quot;:240,&quot;335559739&quot;:240}\">\u00a0<\/span><\/p><p><span data-contrast=\"auto\">\u00c0 32 ans, mari\u00e9e et m\u00e8re d&#039;un fils de 8 ans, Phay Tieng transforme ses premi\u00e8res difficult\u00e9s en une action communautaire forte. En 2023, elle a rejoint le projet TOGETHER d&#039;ADRA Cambodge en tant que membre du groupe de soutien sanitaire villageois. Gr\u00e2ce \u00e0 des formations en leadership, sant\u00e9 sexuelle et reproductive, sensibilisation aux violences sexistes, nutrition et parentalit\u00e9, elle a trouv\u00e9 un sens \u00e0 sa vie et a gagn\u00e9 en confiance.\u00a0<\/span><span data-ccp-props=\"{&quot;134233117&quot;:false,&quot;134233118&quot;:false,&quot;335559738&quot;:240,&quot;335559739&quot;:240}\">\u00a0<\/span><\/p><p><span data-contrast=\"auto\">Aujourd&#039;hui, Phay Tieng visite les foyers de Sre Em pour \u00e9duquer les parents et les jeunes sur des sujets essentiels tels que la pr\u00e9vention de la violence domestique, les droits reproductifs et les risques li\u00e9s \u00e0 l&#039;alcool, aux drogues et aux jeux d&#039;argent.\u00a0<\/span><span data-ccp-props=\"{&quot;134233117&quot;:false,&quot;134233118&quot;:false,&quot;335559738&quot;:240,&quot;335559739&quot;:240}\">\u00a0<\/span><\/p><p><span data-contrast=\"auto\">\u00ab Je veux aider tous les enfants et les jeunes \u00e0 \u00e9viter les comportements n\u00e9fastes et \u00e0 faire de meilleurs choix \u00bb, a-t-elle confi\u00e9. Son r\u00eave est de devenir enseignante, d&#039;accompagner les g\u00e9n\u00e9rations futures vers des choix s\u00fbrs et d&#039;offrir \u00e0 son propre fils l&#039;\u00e9ducation qui lui a manqu\u00e9.<\/span><span data-ccp-props=\"{&quot;134233117&quot;:false,&quot;134233118&quot;:false,&quot;335559738&quot;:240,&quot;335559739&quot;:240}\">\u00a0<\/span><\/p><p><span data-contrast=\"auto\">Tous les dons ont permis de r\u00e9aliser cet objectif\u00a0: financer les ateliers qui ont permis \u00e0 Phay Tieng de d\u00e9velopper ses comp\u00e9tences d&#039;animation, fournir du mat\u00e9riel p\u00e9dagogique et soutenir son mentorat continu. Gr\u00e2ce \u00e0 la g\u00e9n\u00e9rosit\u00e9 des donateurs, elle offre non seulement une vie plus s\u00fbre \u00e0 sa famille, mais contribue \u00e9galement \u00e0 l&#039;\u00e9panouissement de dizaines de familles de son village.<\/span><span data-ccp-props=\"{&quot;134233117&quot;:false,&quot;134233118&quot;:false,&quot;335559738&quot;:240,&quot;335559739&quot;:240}\">\u00a0<\/span><\/p><p><span data-contrast=\"auto\">L\u00e0 o\u00f9 la pers\u00e9v\u00e9rance rencontre l\u2019opportunit\u00e9 et o\u00f9 chaque contribution plante les graines d\u2019un changement durable, c\u2019est le soutien de nos donateurs qui constitue la base sur laquelle des communaut\u00e9s comme Preah Vihear se reconstruisent, se renfor\u00e7ant \u00e0 chaque pas en avant.<\/span><span data-ccp-props=\"{&quot;134233117&quot;:false,&quot;134233118&quot;:false,&quot;335559738&quot;:240,&quot;335559739&quot;:240}\">\u00a0<\/span><\/p><p><!-- \/wp:paragraph --><\/p>\t\t\t\t\t\t\t\t<\/div>\n\t\t\t\t<\/div>\n\t\t\t\t\t<\/div>\n\t\t\t\t<\/div>\n\t\t\t\t<\/div>","protected":false},"excerpt":{"rendered":"<p>Des leaders r\u00e9silients comme Phay Tieng transforment leurs communaut\u00e9s dans la province de Preah Vihear. Imaginez une jeune fille contrainte d&#039;abandonner l&#039;\u00e9cole en troisi\u00e8me pour aider sa m\u00e8re \u00e0 subvenir aux besoins de la famille\u00a0: telle \u00e9tait la r\u00e9alit\u00e9 de Phay Tieng. \u00c9lev\u00e9e sans p\u00e8re, elle a vu sa m\u00e8re tout sacrifier pour subvenir \u00e0 ses besoins, mais Phay Tieng n&#039;a jamais renonc\u00e9 \u00e0 son r\u00eave d&#039;un avenir meilleur.\u00a0<\/p>","protected":false},"author":15,"featured_media":140286,"comment_status":"closed","ping_status":"closed","sticky":false,"template":"elementor_theme","format":"standard","meta":{"wds_primary_category":19,"footnotes":""},"categories":[61,19],"tags":[172,145,149],"class_list":["post-140269","post","type-post","status-publish","format-standard","has-post-thumbnail","hentry","category-news-releases","category-stories","tag-development","tag-news-and-stories","tag-together"],"_links":{"self":[{"href":"https:\/\/adra.ca\/fr\/wp-json\/wp\/v2\/posts\/140269","targetHints":{"allow":["GET"]}}],"collection":[{"href":"https:\/\/adra.ca\/fr\/wp-json\/wp\/v2\/posts"}],"about":[{"href":"https:\/\/adra.ca\/fr\/wp-json\/wp\/v2\/types\/post"}],"author":[{"embeddable":true,"href":"https:\/\/adra.ca\/fr\/wp-json\/wp\/v2\/users\/15"}],"replies":[{"embeddable":true,"href":"https:\/\/adra.ca\/fr\/wp-json\/wp\/v2\/comments?post=140269"}],"version-history":[{"count":0,"href":"https:\/\/adra.ca\/fr\/wp-json\/wp\/v2\/posts\/140269\/revisions"}],"wp:featuredmedia":[{"embeddable":true,"href":"https:\/\/adra.ca\/fr\/wp-json\/wp\/v2\/media\/140286"}],"wp:attachment":[{"href":"https:\/\/adra.ca\/fr\/wp-json\/wp\/v2\/media?parent=140269"}],"wp:term":[{"taxonomy":"category","embeddable":true,"href":"https:\/\/adra.ca\/fr\/wp-json\/wp\/v2\/categories?post=140269"},{"taxonomy":"post_tag","embeddable":true,"href":"https:\/\/adra.ca\/fr\/wp-json\/wp\/v2\/tags?post=140269"}],"curies":[{"name":"wp","href":"https:\/\/api.w.org\/{rel}","templated":true}]}}