{"id":144957,"date":"2025-07-09T14:23:11","date_gmt":"2025-07-09T18:23:11","guid":{"rendered":"https:\/\/adra.ca\/?p=144957"},"modified":"2025-07-09T15:06:08","modified_gmt":"2025-07-09T19:06:08","slug":"one-month-later-fires-still-burn-in-the-heart-of-canada","status":"publish","type":"post","link":"https:\/\/adra.ca\/fr\/news-releases\/one-month-later-fires-still-burn-in-the-heart-of-canada\/","title":{"rendered":"Un mois plus tard : les incendies font toujours rage au c\u0153ur du Canada"},"content":{"rendered":"\t\t<div data-elementor-type=\"wp-post\" data-elementor-id=\"144957\" class=\"elementor elementor-144957\" data-elementor-post-type=\"post\">\n\t\t\t\t<div class=\"elementor-element elementor-element-6bf210c8 e-flex e-con-boxed e-con e-parent\" data-id=\"6bf210c8\" data-element_type=\"container\" data-e-type=\"container\">\n\t\t\t\t\t<div class=\"e-con-inner\">\n\t\t\t\t<div class=\"elementor-element elementor-element-9690a50 elementor-align-right elementor-mobile-align-center elementor-widget elementor-widget-button\" data-id=\"9690a50\" data-element_type=\"widget\" data-e-type=\"widget\" data-widget_type=\"button.default\">\n\t\t\t\t<div class=\"elementor-widget-container\">\n\t\t\t\t\t\t\t\t\t<div class=\"elementor-button-wrapper\">\n\t\t\t\t\t<a class=\"elementor-button elementor-button-link elementor-size-sm\" href=\"https:\/\/adra.ca\/news-releases\/one-month-later-fires-still-burn-in-the-heart-of-canada\/?form=Wildfires2025\">\n\t\t\t\t\t\t<span class=\"elementor-button-content-wrapper\">\n\t\t\t\t\t\t\t\t\t<span class=\"elementor-button-text\">Donate Now<\/span>\n\t\t\t\t\t<\/span>\n\t\t\t\t\t<\/a>\n\t\t\t\t<\/div>\n\t\t\t\t\t\t\t\t<\/div>\n\t\t\t\t<\/div>\n\t\t\t\t<div class=\"elementor-element elementor-element-1b63a1d elementor-widget elementor-widget-text-editor\" data-id=\"1b63a1d\" data-element_type=\"widget\" data-e-type=\"widget\" data-widget_type=\"text-editor.default\">\n\t\t\t\t<div class=\"elementor-widget-container\">\n\t\t\t\t\t\t\t\t\t<p>It has been over a month since Manitoba declared a province-wide state of emergency. And still, the fires continue to burn.<br \/><br \/>Since late last week, the wildfire situation in northern Manitoba has taken a sudden and dramatic turn for the worse after a period of relative calm. As of the last few days, more than 25 new fires have been reported every 24 hours, largely caused by lightning strikes.<\/p><p>What began as a troubling start to the season has now become one of Manitoba\u2019s worst wildfire seasons in recent memory. More than 21,000 people were displaced in June alone, with entire towns facing repeat evacuations\u2014none more urgently than Lynn Lake, a northern community now under its second evacuation order of the year.<\/p><p>Meanwhile, in Saskatchewan, the situation is equally alarming. This year, 329 wildfires have already been recorded, which is well above the average. Currently, five communities are under evacuation orders, including Bear Creek, Beauval, and the La Plonge Reserve.<\/p><p>ADRA is actively working in close partnership with local leaders to provide urgent support, focusing on material donations and community-based service initiatives that bring relief to evacuees where they need it most.<\/p><p>You can be part of this response. Your generosity helps deliver life-changing support\u2014food, supplies, and safety\u2014to communities who need it urgently.<\/p><p>As ADRA continues to monitor and assess opportunities for response, we also continue to ask for prayers. For Lynn Lake, for Beauval, for all the indigenous communities now scattered from their homes. For the first responders who walk into the flames so that others may walk out. And for the wisdom to not only react\u2014but prepare, change, and stand in Christ-like compassion.<\/p><p>Because once again, Canada is far from cold.<br \/>And our hearts must be anything but.<\/p><p><!-- \/wp:paragraph --><\/p>\t\t\t\t\t\t\t\t<\/div>\n\t\t\t\t<\/div>\n\t\t\t\t<div class=\"elementor-element elementor-element-143702f elementor-align-center elementor-widget elementor-widget-button\" data-id=\"143702f\" data-element_type=\"widget\" data-e-type=\"widget\" data-widget_type=\"button.default\">\n\t\t\t\t<div class=\"elementor-widget-container\">\n\t\t\t\t\t\t\t\t\t<div class=\"elementor-button-wrapper\">\n\t\t\t\t\t<a class=\"elementor-button elementor-button-link elementor-size-sm\" href=\"https:\/\/adra.ca\/news-releases\/one-month-later-fires-still-burn-in-the-heart-of-canada\/?form=Wildfires2025\">\n\t\t\t\t\t\t<span class=\"elementor-button-content-wrapper\">\n\t\t\t\t\t\t\t\t\t<span class=\"elementor-button-text\">Donate Now<\/span>\n\t\t\t\t\t<\/span>\n\t\t\t\t\t<\/a>\n\t\t\t\t<\/div>\n\t\t\t\t\t\t\t\t<\/div>\n\t\t\t\t<\/div>\n\t\t\t\t\t<\/div>\n\t\t\t\t<\/div>\n\t\t<div class=\"elementor-element elementor-element-570cd6e e-flex e-con-boxed e-con e-parent\" data-id=\"570cd6e\" data-element_type=\"container\" data-e-type=\"container\">\n\t\t\t\t\t<div class=\"e-con-inner\">\n\t\t\t\t<div class=\"elementor-element elementor-element-560d5a7 elementor-widget elementor-widget-html\" data-id=\"560d5a7\" data-element_type=\"widget\" data-e-type=\"widget\" data-widget_type=\"html.default\">\n\t\t\t\t<div class=\"elementor-widget-container\">\n\t\t\t\t\t<script>\ndocument.addEventListener(\"DOMContentLoaded\", function () {\n  const urlParams = new URLSearchParams(window.location.search);\n  if (urlParams.get(\"showForm\") === \"1\") {\n    const tryClick = () => {\n      const formButton = document.querySelector('button[data-blackbaud-optimized-form-id=\"7c84c408-6cf1-41fa-ae16-7b1faf49eb29\"]');\n      if (formButton) {\n        console.log(\"Attempting click on optimized form button...\");\n        formButton.click();\n      } else {\n        console.warn(\"Form button not found yet.\");\n      }\n    };\n\n    \/\/ Wait a bit longer to ensure Blackbaud JS finishes\n    setTimeout(tryClick, 1000); \/\/ You can increase to 1500ms if needed\n  }\n});\n<\/script>\n<button data-blackbaud-optimized-form-id=\"7c84c408-6cf1-41fa-ae16-7b1faf49eb29\">Donate<\/button>\n\n<style>\n    button[data-blackbaud-optimized-form-id] {\n  display: none;\n}\n<\/style>\t\t\t\t<\/div>\n\t\t\t\t<\/div>\n\t\t\t\t\t<\/div>\n\t\t\t\t<\/div>\n\t\t\t\t<\/div>\n\t\t","protected":false},"excerpt":{"rendered":"<p>Le st\u00e9r\u00e9otype de longue date selon lequel le Canada est un pays froid dispara\u00eet plus rapidement que beaucoup ne l\u2019auraient pens\u00e9.<\/p>\n<p>Le jeudi 29 mai, le premier ministre du Manitoba, Wab Kinew, a d\u00e9cr\u00e9t\u00e9 l&#039;\u00e9tat d&#039;urgence provincial pour une dur\u00e9e de 30 jours, for\u00e7ant 17\u00a0000 personnes \u00e0 fuir leur domicile. Les incendies ont \u00e9t\u00e9 d\u00e9clench\u00e9s par des conditions s\u00e8ches et chaudes partout dans la province, transformant les zones foresti\u00e8res en v\u00e9ritables poudri\u00e8res. Des maisons, des souvenirs pr\u00e9cieux et m\u00eame des vies sont en danger.<\/p>","protected":false},"author":15,"featured_media":124007,"comment_status":"closed","ping_status":"closed","sticky":false,"template":"elementor_theme","format":"standard","meta":{"wds_primary_category":19,"footnotes":""},"categories":[61],"tags":[108,159,145],"class_list":["post-144957","post","type-post","status-publish","format-standard","has-post-thumbnail","hentry","category-news-releases","tag-canada","tag-emergency","tag-news-and-stories"],"_links":{"self":[{"href":"https:\/\/adra.ca\/fr\/wp-json\/wp\/v2\/posts\/144957","targetHints":{"allow":["GET"]}}],"collection":[{"href":"https:\/\/adra.ca\/fr\/wp-json\/wp\/v2\/posts"}],"about":[{"href":"https:\/\/adra.ca\/fr\/wp-json\/wp\/v2\/types\/post"}],"author":[{"embeddable":true,"href":"https:\/\/adra.ca\/fr\/wp-json\/wp\/v2\/users\/15"}],"replies":[{"embeddable":true,"href":"https:\/\/adra.ca\/fr\/wp-json\/wp\/v2\/comments?post=144957"}],"version-history":[{"count":0,"href":"https:\/\/adra.ca\/fr\/wp-json\/wp\/v2\/posts\/144957\/revisions"}],"wp:featuredmedia":[{"embeddable":true,"href":"https:\/\/adra.ca\/fr\/wp-json\/wp\/v2\/media\/124007"}],"wp:attachment":[{"href":"https:\/\/adra.ca\/fr\/wp-json\/wp\/v2\/media?parent=144957"}],"wp:term":[{"taxonomy":"category","embeddable":true,"href":"https:\/\/adra.ca\/fr\/wp-json\/wp\/v2\/categories?post=144957"},{"taxonomy":"post_tag","embeddable":true,"href":"https:\/\/adra.ca\/fr\/wp-json\/wp\/v2\/tags?post=144957"}],"curies":[{"name":"wp","href":"https:\/\/api.w.org\/{rel}","templated":true}]}}