{"id":170903,"date":"2025-06-09T11:55:41","date_gmt":"2025-06-09T15:55:41","guid":{"rendered":"https:\/\/adra.ca\/?p=170903"},"modified":"2025-08-15T11:59:45","modified_gmt":"2025-08-15T15:59:45","slug":"journey-of-hope-and-service-2","status":"publish","type":"post","link":"https:\/\/adra.ca\/fr\/stories\/journey-of-hope-and-service-2\/","title":{"rendered":"Voyage d&#039;espoir et de service"},"content":{"rendered":"<div data-elementor-type=\"wp-post\" data-elementor-id=\"170903\" class=\"elementor elementor-170903\" data-elementor-post-type=\"post\">\n\t\t\t\t<div class=\"elementor-element elementor-element-6bf210c8 e-flex e-con-boxed e-con e-parent\" data-id=\"6bf210c8\" data-element_type=\"container\" data-e-type=\"container\">\n\t\t\t\t\t<div class=\"e-con-inner\">\n\t\t\t\t<div class=\"elementor-element elementor-element-1b63a1d elementor-widget elementor-widget-text-editor\" data-id=\"1b63a1d\" data-element_type=\"widget\" data-e-type=\"widget\" data-widget_type=\"text-editor.default\">\n\t\t\t\t<div class=\"elementor-widget-container\">\n\t\t\t\t\t\t\t\t\t<p><span data-contrast=\"auto\">Au c\u0153ur du paysage de Chimanimani au Mozambique, les communaut\u00e9s subissent une pression croissante due au changement climatique, \u00e0 la d\u00e9gradation de l&#039;environnement et \u00e0 des opportunit\u00e9s \u00e9conomiques limit\u00e9es. Avec le soutien de donateurs, de la Fondation Micaia et de la Banque canadienne de c\u00e9r\u00e9ales, par l&#039;interm\u00e9diaire du<\/span><span data-contrast=\"auto\"> Projet Nature+, <\/span><span data-contrast=\"auto\">Les familles ont d\u00e9sormais acc\u00e8s \u00e0 des moyens de subsistance durables et r\u00e9silients au climat qui prot\u00e8gent l\u2019environnement et renforcent la r\u00e9silience \u00e0 long terme.<\/span><span data-ccp-props=\"{&quot;134233117&quot;:false,&quot;134233118&quot;:false,&quot;335559738&quot;:240,&quot;335559739&quot;:240}\">\u00a0<\/span><\/p><p><span data-contrast=\"auto\">Lanc\u00e9 fin 2023, Nature+ contribue \u00e0 transformer la fa\u00e7on dont les communaut\u00e9s rurales exploitent leurs ressources naturelles. Dans quatre communaut\u00e9s cibl\u00e9es, plus de 2\u00a0400 petits exploitants agricoles apprennent et adoptent le programme.<\/span><span data-contrast=\"auto\"> pratiques d&#039;agriculture de conservation, comme la pourriture des cultures<\/span><span data-contrast=\"auto\">ration, perturbation minimale des sols et couverture des sols \u2013 gr\u00e2ce aux \u00e9coles pratiques d&#039;agriculture. Ces pratiques r\u00e9duisent l&#039;\u00e9rosion des sols, am\u00e9liorent les rendements et permettent aux agriculteurs de g\u00e9rer les risques croissants de s\u00e9cheresse et de mauvaises r\u00e9coltes.<\/span><span data-ccp-props=\"{&quot;134233117&quot;:false,&quot;134233118&quot;:false,&quot;335559738&quot;:240,&quot;335559739&quot;:240}\">\u00a0<\/span><\/p><p><span data-contrast=\"auto\">Au-del\u00e0 de l\u2019agriculture, Nature+ a introduit des modes de vie alternatifs<\/span><span data-contrast=\"auto\">des domaines tels que l&#039;apiculture et la collecte de produits forestiers non ligneux (PFNL), fournissant<\/span><span data-contrast=\"auto\">Offrir aux familles de nouvelles sources de revenus tout en prot\u00e9geant la biodiversit\u00e9 locale. Des formations \u00e0 la construction de ruches modernes et \u00e0 la r\u00e9colte durable de produits forestiers ont permis \u00e0 plus de 500 participants, dont de nombreuses femmes et jeunes, de transformer leurs connaissances traditionnelles en comp\u00e9tences commercialisables. Ils ont appris \u00e0 g\u00e9rer des ruches, \u00e0 identifier des produits forestiers de grande valeur comme les champignons et les herbes, et \u00e0 les transformer pour la vente.<\/span><span data-ccp-props=\"{&quot;134233117&quot;:false,&quot;134233118&quot;:false,&quot;335559738&quot;:240,&quot;335559739&quot;:240}\">\u00a0<\/span><\/p><p><span data-contrast=\"auto\">L\u2019une des histoires les plus puissantes vient de <\/span><span data-contrast=\"auto\">Gredisse, 52 ans, m\u00e8re de six enfants, est apicultrice principale \u00e0 Rotanda. \u00ab Avant le projet, l&#039;apiculture \u00e9tait r\u00e9serv\u00e9e aux hommes \u00bb, se souvient-elle. \u00ab Il fallait couper des arbres et grimper pour suspendre les ruches\u00a0; c&#039;\u00e9tait impossible pour les femmes. \u00bb Mais tout a chang\u00e9 avec l&#039;introduction des ruches KTB et Langstroth modernes. \u00ab Maintenant, je peux installer et g\u00e9rer mes propres ruches. Je forme 15 autres apiculteurs de ma communaut\u00e9, et <\/span><span data-contrast=\"auto\">\u00ab Je suis fier de gagner un revenu tout en prot\u00e9geant nos for\u00eats. \u00bb Le parcours de Gredisse refl\u00e8te le c\u0153ur du projet : l\u2019autonomisation, la durabilit\u00e9 et la dignit\u00e9.<\/span><span data-ccp-props=\"{&quot;134233117&quot;:false,&quot;134233118&quot;:false,&quot;335559738&quot;:240,&quot;335559739&quot;:240}\">\u00a0<\/span><\/p><p><span data-contrast=\"auto\">Gr\u00e2ce au soutien des donateurs, Nature+ aide non seulement les familles \u00e0 subvenir \u00e0 leurs besoins essentiels aujourd&#039;hui, mais pose \u00e9galement les bases d&#039;un avenir plus vert et plus r\u00e9silient. Ensemble, nous b\u00e2tissons des communaut\u00e9s capables de prosp\u00e9rer face au changement climatique.<\/span><span data-ccp-props=\"{&quot;134233117&quot;:false,&quot;134233118&quot;:false,&quot;335559738&quot;:240,&quot;335559739&quot;:240}\">\u00a0<\/span><\/p><p><!-- \/wp:paragraph --><\/p>\t\t\t\t\t\t\t\t<\/div>\n\t\t\t\t<\/div>\n\t\t\t\t\t<\/div>\n\t\t\t\t<\/div>\n\t\t\t\t<\/div>","protected":false},"excerpt":{"rendered":"<p>Au c\u0153ur du paysage de Chimanimani, au Mozambique, les communaut\u00e9s subissent une pression croissante due au changement climatique, \u00e0 la d\u00e9gradation de l&#039;environnement et \u00e0 des opportunit\u00e9s \u00e9conomiques limit\u00e9es. Gr\u00e2ce au soutien de donateurs, de la Fondation Micaia et de la Banque canadienne de c\u00e9r\u00e9ales, par l&#039;interm\u00e9diaire du projet Nature+, les familles ont acc\u00e8s \u00e0 des moyens de subsistance durables et r\u00e9silients au changement climatique, qui prot\u00e8gent l&#039;environnement et renforcent leur r\u00e9silience \u00e0 long terme.\u00a0<\/p>","protected":false},"author":15,"featured_media":170905,"comment_status":"closed","ping_status":"closed","sticky":false,"template":"elementor_theme","format":"standard","meta":{"wds_primary_category":19,"footnotes":""},"categories":[61,19],"tags":[172,192,145],"class_list":["post-170903","post","type-post","status-publish","format-standard","has-post-thumbnail","hentry","category-news-releases","category-stories","tag-development","tag-mozambique","tag-news-and-stories"],"_links":{"self":[{"href":"https:\/\/adra.ca\/fr\/wp-json\/wp\/v2\/posts\/170903","targetHints":{"allow":["GET"]}}],"collection":[{"href":"https:\/\/adra.ca\/fr\/wp-json\/wp\/v2\/posts"}],"about":[{"href":"https:\/\/adra.ca\/fr\/wp-json\/wp\/v2\/types\/post"}],"author":[{"embeddable":true,"href":"https:\/\/adra.ca\/fr\/wp-json\/wp\/v2\/users\/15"}],"replies":[{"embeddable":true,"href":"https:\/\/adra.ca\/fr\/wp-json\/wp\/v2\/comments?post=170903"}],"version-history":[{"count":0,"href":"https:\/\/adra.ca\/fr\/wp-json\/wp\/v2\/posts\/170903\/revisions"}],"wp:featuredmedia":[{"embeddable":true,"href":"https:\/\/adra.ca\/fr\/wp-json\/wp\/v2\/media\/170905"}],"wp:attachment":[{"href":"https:\/\/adra.ca\/fr\/wp-json\/wp\/v2\/media?parent=170903"}],"wp:term":[{"taxonomy":"category","embeddable":true,"href":"https:\/\/adra.ca\/fr\/wp-json\/wp\/v2\/categories?post=170903"},{"taxonomy":"post_tag","embeddable":true,"href":"https:\/\/adra.ca\/fr\/wp-json\/wp\/v2\/tags?post=170903"}],"curies":[{"name":"wp","href":"https:\/\/api.w.org\/{rel}","templated":true}]}}