{"id":211418,"date":"2025-08-14T14:23:58","date_gmt":"2025-08-14T18:23:58","guid":{"rendered":"https:\/\/adra.ca\/?p=211418"},"modified":"2025-09-18T14:27:03","modified_gmt":"2025-09-18T18:27:03","slug":"emergency-relief-in-the-heart-of-myanmar","status":"publish","type":"post","link":"https:\/\/adra.ca\/fr\/stories\/emergency-relief-in-the-heart-of-myanmar\/","title":{"rendered":"Secours d&#039;urgence au c\u0153ur du Myanmar"},"content":{"rendered":"<div data-elementor-type=\"wp-post\" data-elementor-id=\"211418\" class=\"elementor elementor-211418\" data-elementor-post-type=\"post\">\n\t\t\t\t<div class=\"elementor-element elementor-element-6bf210c8 e-flex e-con-boxed e-con e-parent\" data-id=\"6bf210c8\" data-element_type=\"container\" data-e-type=\"container\">\n\t\t\t\t\t<div class=\"e-con-inner\">\n\t\t\t\t<div class=\"elementor-element elementor-element-1b63a1d elementor-widget elementor-widget-text-editor\" data-id=\"1b63a1d\" data-element_type=\"widget\" data-e-type=\"widget\" data-widget_type=\"text-editor.default\">\n\t\t\t\t<div class=\"elementor-widget-container\">\n\t\t\t\t\t\t\t\t\t<p>Le 28 mars 2025, un puissant s\u00e9isme de magnitude 7,7 a frapp\u00e9 le centre du Myanmar, pr\u00e8s de Mandalay, provoquant des ravages consid\u00e9rables parmi les populations environnantes. L&#039;\u00e9picentre se trouvait \u00e0 seulement 17 kilom\u00e8tres de la ville, et les secousses ont \u00e9t\u00e9 ressenties dans tout le pays, atteignant m\u00eame la Tha\u00eflande.<\/p><p>Des milliers de familles des r\u00e9gions de Mandalay et de Sagaing se sont soudainement retrouv\u00e9es sans domicile, sans biens et sans aucun sentiment de stabilit\u00e9. Les communaut\u00e9s ont \u00e9t\u00e9 secou\u00e9es physiquement et \u00e9motionnellement.<\/p><p>\u00ab\u00a0Lors du deuxi\u00e8me tremblement de terre, le feu a pris au centre de notre maison\u00a0\u00bb, a racont\u00e9 une m\u00e8re de 33\u00a0ans. \u00ab\u00a0Tout a br\u00fbl\u00e9. Je n&#039;ai jamais rien vu de tel de ma vie.\u00a0\u00bb<\/p><p>Dans les jours qui ont suivi, ADRA Myanmar s&#039;est jointe \u00e0 ses partenaires locaux et internationaux pour apporter une aide d&#039;urgence. Outre un soutien psychologique essentiel pour aider les personnes \u00e0 surmonter le lourd traumatisme caus\u00e9 par la catastrophe, ADRA a fourni une aide financi\u00e8re aux familles afin qu&#039;elles puissent r\u00e9pondre \u00e0 leurs besoins les plus urgents, qu&#039;il s&#039;agisse d&#039;acheter des articles m\u00e9nagers, de couvrir les frais d&#039;h\u00e9bergement temporaire ou de g\u00e9rer les d\u00e9penses quotidiennes pendant leur s\u00e9jour chez des proches ou dans des espaces partag\u00e9s.<\/p><p>\u00ab\u00a0Ce soutien nous aide \u00e0 acheter ce dont nous avons vraiment besoin. Nous vivons d\u00e9sormais dans le jardin de quelqu&#039;un d&#039;autre, mais gr\u00e2ce \u00e0 cette aide, nous pouvons commencer \u00e0 pr\u00e9parer notre propre abri. Nous sommes vraiment reconnaissants\u00a0\u00bb, a d\u00e9clar\u00e9 un b\u00e9n\u00e9ficiaire.<\/p><p>Gr\u00e2ce \u00e0 des dons g\u00e9n\u00e9reux, les familles du Myanmar ont pu r\u00e9pondre rapidement \u00e0 leurs besoins urgents et essentiels dans les jours qui ont suivi la catastrophe, faisant ainsi les premiers pas vers la reconstruction de leur vie apr\u00e8s une d\u00e9vastation aussi terrible.<\/p><p>Un b\u00e9n\u00e9ficiaire a d\u00e9clar\u00e9 : \u00ab Nous sommes profond\u00e9ment reconnaissants envers les donateurs qui ont rendu cela possible. Votre g\u00e9n\u00e9rosit\u00e9 apporte de l&#039;espoir \u00e0 des familles comme la n\u00f4tre. \u00bb Votre compassion redonne espoir au c\u0153ur de la d\u00e9vastation.<\/p><p><!-- \/wp:paragraph --><\/p>\t\t\t\t\t\t\t\t<\/div>\n\t\t\t\t<\/div>\n\t\t\t\t\t<\/div>\n\t\t\t\t<\/div>\n\t\t\t\t<\/div>","protected":false},"excerpt":{"rendered":"<p>Le 28 mars 2025, un puissant s\u00e9isme de magnitude 7,7 a frapp\u00e9 le centre du Myanmar, pr\u00e8s de Mandalay, provoquant des ravages consid\u00e9rables parmi les populations environnantes. L&#039;\u00e9picentre se trouvait \u00e0 seulement 17 kilom\u00e8tres de la ville, et les secousses ont \u00e9t\u00e9 ressenties dans tout le pays, atteignant m\u00eame la Tha\u00eflande.<\/p>","protected":false},"author":15,"featured_media":211424,"comment_status":"closed","ping_status":"closed","sticky":false,"template":"elementor_theme","format":"standard","meta":{"wds_primary_category":19,"footnotes":""},"categories":[61,19],"tags":[159,125,145],"class_list":["post-211418","post","type-post","status-publish","format-standard","has-post-thumbnail","hentry","category-news-releases","category-stories","tag-emergency","tag-myanmar","tag-news-and-stories"],"_links":{"self":[{"href":"https:\/\/adra.ca\/fr\/wp-json\/wp\/v2\/posts\/211418","targetHints":{"allow":["GET"]}}],"collection":[{"href":"https:\/\/adra.ca\/fr\/wp-json\/wp\/v2\/posts"}],"about":[{"href":"https:\/\/adra.ca\/fr\/wp-json\/wp\/v2\/types\/post"}],"author":[{"embeddable":true,"href":"https:\/\/adra.ca\/fr\/wp-json\/wp\/v2\/users\/15"}],"replies":[{"embeddable":true,"href":"https:\/\/adra.ca\/fr\/wp-json\/wp\/v2\/comments?post=211418"}],"version-history":[{"count":0,"href":"https:\/\/adra.ca\/fr\/wp-json\/wp\/v2\/posts\/211418\/revisions"}],"wp:featuredmedia":[{"embeddable":true,"href":"https:\/\/adra.ca\/fr\/wp-json\/wp\/v2\/media\/211424"}],"wp:attachment":[{"href":"https:\/\/adra.ca\/fr\/wp-json\/wp\/v2\/media?parent=211418"}],"wp:term":[{"taxonomy":"category","embeddable":true,"href":"https:\/\/adra.ca\/fr\/wp-json\/wp\/v2\/categories?post=211418"},{"taxonomy":"post_tag","embeddable":true,"href":"https:\/\/adra.ca\/fr\/wp-json\/wp\/v2\/tags?post=211418"}],"curies":[{"name":"wp","href":"https:\/\/api.w.org\/{rel}","templated":true}]}}