{"id":271192,"date":"2025-11-13T13:07:40","date_gmt":"2025-11-13T18:07:40","guid":{"rendered":"https:\/\/adra.ca\/?p=271192"},"modified":"2026-02-12T16:49:12","modified_gmt":"2026-02-12T21:49:12","slug":"philippines-typhoon-response","status":"publish","type":"post","link":"https:\/\/adra.ca\/fr\/news-releases\/philippines-typhoon-response\/","title":{"rendered":"R\u00e9ponse des Philippines au typhon"},"content":{"rendered":"<div data-elementor-type=\"wp-post\" data-elementor-id=\"271192\" class=\"elementor elementor-271192\" data-elementor-post-type=\"post\">\n\t\t\t\t<div class=\"elementor-element elementor-element-6bf210c8 e-flex e-con-boxed e-con e-parent\" data-id=\"6bf210c8\" data-element_type=\"container\" data-e-type=\"container\">\n\t\t\t\t\t<div class=\"e-con-inner\">\n\t\t\t\t<div class=\"elementor-element elementor-element-9690a50 elementor-align-right elementor-mobile-align-center elementor-widget elementor-widget-button\" data-id=\"9690a50\" data-element_type=\"widget\" data-e-type=\"widget\" data-widget_type=\"button.default\">\n\t\t\t\t<div class=\"elementor-widget-container\">\n\t\t\t\t\t\t\t\t\t<div class=\"elementor-button-wrapper\">\n\t\t\t\t\t<a class=\"elementor-button elementor-button-link elementor-size-sm\" href=\"https:\/\/adra.ca\/fr\/news-releases\/philippines-typhoon-response\/?form=FUNKWMAKWXP\">\n\t\t\t\t\t\t<span class=\"elementor-button-content-wrapper\">\n\t\t\t\t\t\t\t\t\t<span class=\"elementor-button-text\">Faire un don maintenant<\/span>\n\t\t\t\t\t<\/span>\n\t\t\t\t\t<\/a>\n\t\t\t\t<\/div>\n\t\t\t\t\t\t\t\t<\/div>\n\t\t\t\t<\/div>\n\t\t\t\t\t<\/div>\n\t\t\t\t<\/div>\n\t\t<div class=\"elementor-element elementor-element-314e69f e-flex e-con-boxed e-con e-parent\" data-id=\"314e69f\" data-element_type=\"container\" data-e-type=\"container\">\n\t\t\t\t\t<div class=\"e-con-inner\">\n\t\t\t\t<div class=\"elementor-element elementor-element-77032fc elementor-widget elementor-widget-heading\" data-id=\"77032fc\" data-element_type=\"widget\" data-e-type=\"widget\" data-widget_type=\"heading.default\">\n\t\t\t\t<div class=\"elementor-widget-container\">\n\t\t\t\t\t<h2 class=\"elementor-heading-title elementor-size-default\">Derni\u00e8re mise \u00e0 jour sur la r\u00e9ponse des Philippines au typhon<\/h2>\t\t\t\t<\/div>\n\t\t\t\t<\/div>\n\t\t\t\t<div class=\"elementor-element elementor-element-f641d16 elementor-widget elementor-widget-heading\" data-id=\"f641d16\" data-element_type=\"widget\" data-e-type=\"widget\" data-widget_type=\"heading.default\">\n\t\t\t\t<div class=\"elementor-widget-container\">\n\t\t\t\t\t<h2 class=\"elementor-heading-title elementor-size-default\">12 f\u00e9vrier 2026<\/h2>\t\t\t\t<\/div>\n\t\t\t\t<\/div>\n\t\t\t\t<div class=\"elementor-element elementor-element-f45d46e elementor-widget elementor-widget-text-editor\" data-id=\"f45d46e\" data-element_type=\"widget\" data-e-type=\"widget\" data-widget_type=\"text-editor.default\">\n\t\t\t\t<div class=\"elementor-widget-container\">\n\t\t\t\t\t\t\t\t\t<p>Gr\u00e2ce \u00e0 la compassion et \u00e0 la g\u00e9n\u00e9rosit\u00e9 constantes de nos donateurs, notre campagne pour les victimes du typhon aux Philippines a permis de r\u00e9colter 1 TP4T96\u00a0191,34\u00a0! Ce soutien a fait une r\u00e9elle diff\u00e9rence dans la vie des personnes touch\u00e9es.<\/p><p>Nous avons maintenant re\u00e7u confirmation de l&#039;utilisation qui sera faite des fonds restants collect\u00e9s pour cette intervention, et nous souhaitons partager cette information en toute transparence.<\/p><p><em>\u00a0<\/em>Les fonds restants sont d\u00e9ploy\u00e9s directement dans les zones de notre projet TOGETHER, en donnant la priorit\u00e9 au soutien des m\u00e9nages les plus d\u00e9favoris\u00e9s, notamment les communaut\u00e9s autochtones qui ont \u00e9t\u00e9 les plus durement touch\u00e9es par les typhons.<\/p><p>En collaboration avec nos partenaires locaux, nous consacrerons nos fonds restants exclusivement au soutien \u00e0 la rentr\u00e9e scolaire dans les communaut\u00e9s touch\u00e9es. Cela comprend la fourniture de mat\u00e9riel p\u00e9dagogique essentiel, de fournitures scolaires et de ressources de protection afin de garantir que les enfants puissent poursuivre leur scolarit\u00e9 en toute s\u00e9curit\u00e9 apr\u00e8s la catastrophe.<\/p><p>Au-del\u00e0 du cadre acad\u00e9mique, cette initiative joue \u00e9galement un r\u00f4le important dans la s\u00e9curit\u00e9 communautaire en\u00a0:<\/p><ul><li>Contribuer \u00e0 prot\u00e9ger les enfants et les jeunes contre la violence fond\u00e9e sur le genre (VFG)<\/li><li>Contribuer \u00e0 instaurer un sentiment de structure et de normalit\u00e9 chez les familles qui reconstruisent leur vie.<\/li><\/ul><p><br \/>Bien que nous n&#039;acceptions plus de dons sp\u00e9cifiquement destin\u00e9s \u00e0 l&#039;aide aux victimes du typhon aux Philippines, nous tenons \u00e0 vous remercier pour toutes les contributions d\u00e9j\u00e0 re\u00e7ues. Si vous souhaitez toujours soutenir les communaut\u00e9s confront\u00e9es \u00e0 des catastrophes de ce type \u00e0 l&#039;avenir, nous vous invitons \u00e0 faire un don \u00e0 notre Fonds d&#039;intervention d&#039;urgence. Ce fonds nous permet de mieux nous pr\u00e9parer et de r\u00e9agir plus rapidement et plus efficacement aux nouvelles crises.<\/p>\t\t\t\t\t\t\t\t<\/div>\n\t\t\t\t<\/div>\n\t\t\t\t\t<\/div>\n\t\t\t\t<\/div>\n\t\t<div class=\"elementor-element elementor-element-8b32bae e-flex e-con-boxed e-con e-parent\" data-id=\"8b32bae\" data-element_type=\"container\" data-e-type=\"container\">\n\t\t\t\t\t<div class=\"e-con-inner\">\n\t\t\t\t<div class=\"elementor-element elementor-element-eb6ee25 elementor-widget elementor-widget-heading\" data-id=\"eb6ee25\" data-element_type=\"widget\" data-e-type=\"widget\" data-widget_type=\"heading.default\">\n\t\t\t\t<div class=\"elementor-widget-container\">\n\t\t\t\t\t<h2 class=\"elementor-heading-title elementor-size-default\">Impact aux Philippines<\/h2>\t\t\t\t<\/div>\n\t\t\t\t<\/div>\n\t\t\t\t<div class=\"elementor-element elementor-element-daef6ef elementor-widget elementor-widget-heading\" data-id=\"daef6ef\" data-element_type=\"widget\" data-e-type=\"widget\" data-widget_type=\"heading.default\">\n\t\t\t\t<div class=\"elementor-widget-container\">\n\t\t\t\t\t<h2 class=\"elementor-heading-title elementor-size-default\">27 novembre 2025<\/h2>\t\t\t\t<\/div>\n\t\t\t\t<\/div>\n\t\t\t\t<div class=\"elementor-element elementor-element-c814efa elementor-widget elementor-widget-text-editor\" data-id=\"c814efa\" data-element_type=\"widget\" data-e-type=\"widget\" data-widget_type=\"text-editor.default\">\n\t\t\t\t<div class=\"elementor-widget-container\">\n\t\t\t\t\t\t\t\t\t<p class=\"MsoNormal\"><span lang=\"EN-US\"><img fetchpriority=\"high\" decoding=\"async\" class=\"size-medium wp-image-284215 alignleft\" src=\"https:\/\/adra.ca\/wp-content\/uploads\/2025\/11\/2-300x200.png\" alt=\"\" width=\"300\" height=\"200\" data-wp-editing=\"1\" srcset=\"https:\/\/adra.ca\/wp-content\/uploads\/2025\/11\/2-300x200.png 300w, https:\/\/adra.ca\/wp-content\/uploads\/2025\/11\/2-1024x683.png 1024w, https:\/\/adra.ca\/wp-content\/uploads\/2025\/11\/2-768x512.png 768w, https:\/\/adra.ca\/wp-content\/uploads\/2025\/11\/2-18x12.png 18w, https:\/\/adra.ca\/wp-content\/uploads\/2025\/11\/2.png 1080w\" sizes=\"(max-width: 300px) 100vw, 300px\" \/>Suite aux typhons qui ont frapp\u00e9 les Philippines, notamment le cyclone Fung-Wong, ADRA s&#039;est activement mobilis\u00e9e pour venir en aide aux populations sinistr\u00e9es. Nos interventions d&#039;urgence, en cours et termin\u00e9es, comprennent\u00a0:<br \/><\/span><\/p><p><span lang=\"EN-US\"><span lang=\"EN-US\">\u2013 Des colis alimentaires ont \u00e9t\u00e9 distribu\u00e9s \u00e0 600 personnes dans le sud de Leyte.<\/span><\/span><\/p><p><span lang=\"EN-US\"><span lang=\"EN-US\">\u2013 Une aide financi\u00e8re polyvalente a \u00e9t\u00e9 octroy\u00e9e \u00e0 700 personnes \u00e0 Cebu Mandaue, \u00e0 500 personnes \u00e0 Dinadiawan (province de Lu\u00e7on centrale) et \u00e0 500 personnes dans la province de Quezon. (Par ailleurs, 930 personnes \u00e0 Cebu ont b\u00e9n\u00e9fici\u00e9 \u00e0 la fois d&#039;une aide financi\u00e8re polyvalente et d&#039;un soutien psychosocial.)<\/span><\/span><\/p><p><span lang=\"EN-US\"><span lang=\"EN-US\">\u2013 Aide financi\u00e8re pour 1200 femmes enceintes r\u00e9parties dans 11 municipalit\u00e9s de Catanduanes.<\/span><\/span><\/p><p><span lang=\"EN-US\">\u2013 Des kits d\u2019hygi\u00e8ne menstruelle\/de dignit\u00e9 ont \u00e9t\u00e9 fournis \u00e0 1400 femmes (et filles en \u00e2ge de procr\u00e9er) dans 8 municipalit\u00e9s de la province de Cebu.<\/span><\/p><p>Nous remercions nos g\u00e9n\u00e9reux donateurs dont les contributions de plus de $10 000 ont un impact profond et durable aux Philippines.<\/p><p><!-- \/wp:paragraph --><\/p>\t\t\t\t\t\t\t\t<\/div>\n\t\t\t\t<\/div>\n\t\t\t\t\t<\/div>\n\t\t\t\t<\/div>\n\t\t<div class=\"elementor-element elementor-element-1f440ac e-flex e-con-boxed e-con e-parent\" data-id=\"1f440ac\" data-element_type=\"container\" data-e-type=\"container\">\n\t\t\t\t\t<div class=\"e-con-inner\">\n\t\t\t\t<div class=\"elementor-element elementor-element-a33e0ae elementor-widget elementor-widget-heading\" data-id=\"a33e0ae\" data-element_type=\"widget\" data-e-type=\"widget\" data-widget_type=\"heading.default\">\n\t\t\t\t<div class=\"elementor-widget-container\">\n\t\t\t\t\t<h2 class=\"elementor-heading-title elementor-size-default\">La riposte se poursuit aux Philippines<\/h2>\t\t\t\t<\/div>\n\t\t\t\t<\/div>\n\t\t\t\t<div class=\"elementor-element elementor-element-75397d9 elementor-widget elementor-widget-heading\" data-id=\"75397d9\" data-element_type=\"widget\" data-e-type=\"widget\" data-widget_type=\"heading.default\">\n\t\t\t\t<div class=\"elementor-widget-container\">\n\t\t\t\t\t<h2 class=\"elementor-heading-title elementor-size-default\">18 novembre 2025<\/h2>\t\t\t\t<\/div>\n\t\t\t\t<\/div>\n\t\t\t\t<div class=\"elementor-element elementor-element-de243c1 elementor-widget elementor-widget-text-editor\" data-id=\"de243c1\" data-element_type=\"widget\" data-e-type=\"widget\" data-widget_type=\"text-editor.default\">\n\t\t\t\t<div class=\"elementor-widget-container\">\n\t\t\t\t\t\t\t\t\t<p><img decoding=\"async\" class=\"wp-image-278186 alignleft lazyload\" data-src=\"https:\/\/adra.ca\/wp-content\/uploads\/2025\/11\/6-300x200.jpg\" alt=\"\" width=\"311\" height=\"207\" data-srcset=\"https:\/\/adra.ca\/wp-content\/uploads\/2025\/11\/6-300x200.jpg 300w, https:\/\/adra.ca\/wp-content\/uploads\/2025\/11\/6-1024x683.jpg 1024w, https:\/\/adra.ca\/wp-content\/uploads\/2025\/11\/6-768x512.jpg 768w, https:\/\/adra.ca\/wp-content\/uploads\/2025\/11\/6-1536x1024.jpg 1536w, https:\/\/adra.ca\/wp-content\/uploads\/2025\/11\/6-2048x1365.jpg 2048w, https:\/\/adra.ca\/wp-content\/uploads\/2025\/11\/6-18x12.jpg 18w, https:\/\/adra.ca\/wp-content\/uploads\/2025\/11\/6-1200x800.jpg 1200w\" data-sizes=\"(max-width: 311px) 100vw, 311px\" src=\"data:image\/svg+xml;base64,PHN2ZyB3aWR0aD0iMSIgaGVpZ2h0PSIxIiB4bWxucz0iaHR0cDovL3d3dy53My5vcmcvMjAwMC9zdmciPjwvc3ZnPg==\" style=\"--smush-placeholder-width: 311px; --smush-placeholder-aspect-ratio: 311\/207;\" \/><\/p><p>Apr\u00e8s avoir rapidement proc\u00e9d\u00e9 \u00e0 une \u00e9valuation des besoins sur le terrain \u2013 notamment dans le nord et le centre de Luzon ainsi que dans la r\u00e9gion de Bicol \u2013 ADRA a activ\u00e9 les plans nationaux de gestion des urgences. Notre intervention a \u00e9t\u00e9 renforc\u00e9e afin de fournir une aide alimentaire et une aide financi\u00e8re polyvalente aux m\u00e9nages touch\u00e9s. \u00c0 ce jour, ADRA Philippines a cibl\u00e9 plus de 8\u00a0700 m\u00e9nages, soit environ 36\u00a0500 personnes.<\/p><p>Des projets d&#039;ADRA \u00e9taient d\u00e9j\u00e0 en cours aux Philippines avant le typhon Uwan\/Fung-Wong. Gr\u00e2ce aux contributions r\u00e9centes du r\u00e9seau ADRA, des \u00e9glises et des donateurs, le financement total des projets d&#039;urgence aux Philippines cette ann\u00e9e s&#039;\u00e9l\u00e8ve \u00e0 plus de 14\u00a0000 milliards de dollars am\u00e9ricains.<\/p><p>ADRA Philippines participe activement aux r\u00e9unions de coordination du Groupe sectoriel national \u00ab\u00a0Abri et sant\u00e9\u00a0\u00bb, qui rassemblent les acteurs humanitaires, les agences gouvernementales et les partenaires locaux afin de coordonner une r\u00e9ponse unifi\u00e9e et efficace dans les zones sinistr\u00e9es. Ces groupes partagent des informations pour identifier les besoins les plus prioritaires et garantir une \u00e9valuation pr\u00e9cise et efficiente de la situation.<\/p><p>\u00c0 mesure que les efforts de r\u00e9ponse se d\u00e9ploient, une v\u00e9rit\u00e9 bouleversante s&#039;impose \u00e0 tous ceux qui y participent\u00a0: les communaut\u00e9s des r\u00e9gions tropicales sont de plus en plus vuln\u00e9rables aux ph\u00e9nom\u00e8nes m\u00e9t\u00e9orologiques de plus en plus impr\u00e9visibles. Les typhons et les ouragans gagnent en intensit\u00e9 et en fr\u00e9quence partout dans le monde, et ce sont des communaut\u00e9s comme celles des Philippines qui en subissent les cons\u00e9quences.<\/p><p>\u00c0 mesure que notre travail progresse, ADRA esp\u00e8re franchir une nouvelle \u00e9tape\u00a0: aider les familles \u00e0 r\u00e9parer ou reconstruire leurs maisons endommag\u00e9es. ADRA est d\u00e9termin\u00e9e \u00e0 continuer d\u2019apporter une aide vitale aux plus vuln\u00e9rables, au nom de la justice, de la compassion et de l\u2019amour.<\/p><p><!-- \/wp:paragraph --><\/p>\t\t\t\t\t\t\t\t<\/div>\n\t\t\t\t<\/div>\n\t\t\t\t\t<\/div>\n\t\t\t\t<\/div>\n\t\t<div class=\"elementor-element elementor-element-5a56344 e-flex e-con-boxed e-con e-parent\" data-id=\"5a56344\" data-element_type=\"container\" data-e-type=\"container\">\n\t\t\t\t\t<div class=\"e-con-inner\">\n\t\t\t\t<div class=\"elementor-element elementor-element-701e2f3 elementor-widget elementor-widget-heading\" data-id=\"701e2f3\" data-element_type=\"widget\" data-e-type=\"widget\" data-widget_type=\"heading.default\">\n\t\t\t\t<div class=\"elementor-widget-container\">\n\t\t\t\t\t<h2 class=\"elementor-heading-title elementor-size-default\">Solidaires des Philippines<\/h2>\t\t\t\t<\/div>\n\t\t\t\t<\/div>\n\t\t\t\t<div class=\"elementor-element elementor-element-12f14a7 elementor-widget elementor-widget-heading\" data-id=\"12f14a7\" data-element_type=\"widget\" data-e-type=\"widget\" data-widget_type=\"heading.default\">\n\t\t\t\t<div class=\"elementor-widget-container\">\n\t\t\t\t\t<h2 class=\"elementor-heading-title elementor-size-default\">13 novembre 2025<\/h2>\t\t\t\t<\/div>\n\t\t\t\t<\/div>\n\t\t\t\t<div class=\"elementor-element elementor-element-02fdb0c elementor-widget elementor-widget-text-editor\" data-id=\"02fdb0c\" data-element_type=\"widget\" data-e-type=\"widget\" data-widget_type=\"text-editor.default\">\n\t\t\t\t<div class=\"elementor-widget-container\">\n\t\t\t\t\t\t\t\t\t<p><img decoding=\"async\" class=\"wp-image-271249 alignleft lazyload\" data-src=\"https:\/\/adra.ca\/wp-content\/uploads\/2025\/11\/567062818_1556673482431651_5062745081056679519_n-300x225.jpg\" alt=\"\" width=\"303\" height=\"227\" data-srcset=\"https:\/\/adra.ca\/wp-content\/uploads\/2025\/11\/567062818_1556673482431651_5062745081056679519_n-300x225.jpg 300w, https:\/\/adra.ca\/wp-content\/uploads\/2025\/11\/567062818_1556673482431651_5062745081056679519_n-768x576.jpg 768w, https:\/\/adra.ca\/wp-content\/uploads\/2025\/11\/567062818_1556673482431651_5062745081056679519_n-16x12.jpg 16w, https:\/\/adra.ca\/wp-content\/uploads\/2025\/11\/567062818_1556673482431651_5062745081056679519_n.jpg 960w\" data-sizes=\"(max-width: 303px) 100vw, 303px\" src=\"data:image\/svg+xml;base64,PHN2ZyB3aWR0aD0iMSIgaGVpZ2h0PSIxIiB4bWxucz0iaHR0cDovL3d3dy53My5vcmcvMjAwMC9zdmciPjwvc3ZnPg==\" style=\"--smush-placeholder-width: 303px; --smush-placeholder-aspect-ratio: 303\/227;\" \/><\/p><p>Les communaut\u00e9s soutenues par les projets d&#039;ADRA aux Philippines ont \u00e9t\u00e9 profond\u00e9ment touch\u00e9es par la r\u00e9cente s\u00e9rie de typhons.<\/p><p>Apr\u00e8s le passage du typhon Opong (Bualoi) fin septembre, des milliers de familles dans les r\u00e9gions de Visayas orientales, de Bicol et des environs ont subi de graves inondations et des d\u00e9g\u00e2ts consid\u00e9rables \u00e0 leurs habitations. ADRA, par l&#039;interm\u00e9diaire de ses partenaires locaux, est intervenue imm\u00e9diatement en fournissant des colis alimentaires, des kits d&#039;eau, d&#039;assainissement et d&#039;hygi\u00e8ne (EAH) et une aide financi\u00e8re afin d&#039;aider les m\u00e9nages les plus vuln\u00e9rables \u00e0 subvenir \u00e0 leurs besoins urgents et \u00e0 entamer leur reconstruction.<\/p><p>Quelques semaines plus tard, le super typhon Fung-Wong (Uwan) a frapp\u00e9 de nouveau ces m\u00eames r\u00e9gions, provoquant des vents destructeurs, des pluies torrentielles et des glissements de terrain. Les communaut\u00e9s des r\u00e9gions de Bicol et de Lu\u00e7on centrale, encore sous le choc des pr\u00e9c\u00e9dentes temp\u00eates, ont \u00e9t\u00e9 une fois de plus d\u00e9vast\u00e9es.<\/p><p>ADRA Philippines proc\u00e8de actuellement \u00e0 des \u00e9valuations rapides afin de d\u00e9terminer les besoins les plus urgents. Nos \u00e9quipes travaillent en \u00e9troite collaboration avec les autorit\u00e9s locales, les partenaires religieux et les organisations communautaires pour fournir une aide coordonn\u00e9e, efficace et empreinte de compassion. Dans les semaines \u00e0 venir, l&#039;accent sera mis sur la r\u00e9paration des abris, la restauration des moyens de subsistance et l&#039;acc\u00e8s \u00e0 l&#039;eau potable et \u00e0 l&#039;assainissement \u2013 des \u00e9tapes essentielles pour aider les familles \u00e0 retrouver une stabilit\u00e9.<\/p><p>Vos pri\u00e8res et votre soutien constants rendent ce travail possible. Ensemble, nous pouvons apporter espoir et aide concr\u00e8te aux familles philippines qui se rel\u00e8vent et reconstruisent leur vie, plus fortes et unies.<\/p><p><!-- \/wp:paragraph --><\/p>\t\t\t\t\t\t\t\t<\/div>\n\t\t\t\t<\/div>\n\t\t\t\t\t<\/div>\n\t\t\t\t<\/div>\n\t\t<div class=\"elementor-element elementor-element-570cd6e e-flex e-con-boxed e-con e-parent\" data-id=\"570cd6e\" data-element_type=\"container\" data-e-type=\"container\">\n\t\t\t\t\t<div class=\"e-con-inner\">\n\t\t\t\t<div class=\"elementor-element elementor-element-4de917b elementor-align-center elementor-widget elementor-widget-button\" data-id=\"4de917b\" data-element_type=\"widget\" data-e-type=\"widget\" data-widget_type=\"button.default\">\n\t\t\t\t<div class=\"elementor-widget-container\">\n\t\t\t\t\t\t\t\t\t<div class=\"elementor-button-wrapper\">\n\t\t\t\t\t<a class=\"elementor-button elementor-button-link elementor-size-sm\" href=\"https:\/\/adra.ca\/fr\/news-releases\/philippines-typhoon-response\/?form=FUNKWMAKWXP\">\n\t\t\t\t\t\t<span class=\"elementor-button-content-wrapper\">\n\t\t\t\t\t\t\t\t\t<span class=\"elementor-button-text\">Faire un don maintenant<\/span>\n\t\t\t\t\t<\/span>\n\t\t\t\t\t<\/a>\n\t\t\t\t<\/div>\n\t\t\t\t\t\t\t\t<\/div>\n\t\t\t\t<\/div>\n\t\t\t\t<div class=\"elementor-element elementor-element-1906e6d elementor-widget elementor-widget-gallery\" data-id=\"1906e6d\" data-element_type=\"widget\" data-e-type=\"widget\" data-settings=\"{&quot;lazyload&quot;:&quot;yes&quot;,&quot;gallery_layout&quot;:&quot;grid&quot;,&quot;columns&quot;:4,&quot;columns_tablet&quot;:2,&quot;columns_mobile&quot;:1,&quot;gap&quot;:{&quot;unit&quot;:&quot;px&quot;,&quot;size&quot;:10,&quot;sizes&quot;:[]},&quot;gap_tablet&quot;:{&quot;unit&quot;:&quot;px&quot;,&quot;size&quot;:10,&quot;sizes&quot;:[]},&quot;gap_mobile&quot;:{&quot;unit&quot;:&quot;px&quot;,&quot;size&quot;:10,&quot;sizes&quot;:[]},&quot;link_to&quot;:&quot;file&quot;,&quot;aspect_ratio&quot;:&quot;3:2&quot;,&quot;overlay_background&quot;:&quot;yes&quot;,&quot;content_hover_animation&quot;:&quot;fade-in&quot;}\" data-widget_type=\"gallery.default\">\n\t\t\t\t<div class=\"elementor-widget-container\">\n\t\t\t\t\t\t\t<div class=\"elementor-gallery__container\">\n\t\t\t\t\t\t\t<a class=\"e-gallery-item elementor-gallery-item elementor-animated-content\" href=\"https:\/\/adra.ca\/wp-content\/uploads\/2025\/11\/C154A0BD-E467-4D70-8E02-02F0D16D4C02.png\" data-elementor-open-lightbox=\"yes\" data-elementor-lightbox-slideshow=\"1906e6d\" data-elementor-lightbox-title=\"C154A0BD-E467-4D70-8E02-02F0D16D4C02\" data-e-action-hash=\"#elementor-action%3Aaction%3Dlightbox%26settings%3DeyJpZCI6MjcxMjU4LCJ1cmwiOiJodHRwczpcL1wvYWRyYS5jYVwvd3AtY29udGVudFwvdXBsb2Fkc1wvMjAyNVwvMTFcL0MxNTRBMEJELUU0NjctNEQ3MC04RTAyLTAyRjBEMTZENEMwMi5wbmciLCJzbGlkZXNob3ciOiIxOTA2ZTZkIn0%3D\">\n\t\t\t\t\t<div class=\"e-gallery-image elementor-gallery-item__image\" data-thumbnail=\"https:\/\/adra.ca\/wp-content\/uploads\/2025\/11\/C154A0BD-E467-4D70-8E02-02F0D16D4C02-300x169.png\" data-width=\"300\" data-height=\"169\" aria-label=\"\" role=\"img\" ><\/div>\n\t\t\t\t\t\t\t\t\t\t\t<div class=\"elementor-gallery-item__overlay\"><\/div>\n\t\t\t\t\t\t\t\t\t\t\t\t\t\t<\/a>\n\t\t\t\t\t\t\t<a class=\"e-gallery-item elementor-gallery-item elementor-animated-content\" href=\"https:\/\/adra.ca\/wp-content\/uploads\/2025\/11\/567062818_1556673482431651_5062745081056679519_n.jpg\" data-elementor-open-lightbox=\"yes\" data-elementor-lightbox-slideshow=\"1906e6d\" data-elementor-lightbox-title=\"567062818_1556673482431651_5062745081056679519_n\" data-e-action-hash=\"#elementor-action%3Aaction%3Dlightbox%26settings%3DeyJpZCI6MjcxMjQ5LCJ1cmwiOiJodHRwczpcL1wvYWRyYS5jYVwvd3AtY29udGVudFwvdXBsb2Fkc1wvMjAyNVwvMTFcLzU2NzA2MjgxOF8xNTU2NjczNDgyNDMxNjUxXzUwNjI3NDUwODEwNTY2Nzk1MTlfbi5qcGciLCJzbGlkZXNob3ciOiIxOTA2ZTZkIn0%3D\">\n\t\t\t\t\t<div class=\"e-gallery-image elementor-gallery-item__image\" data-thumbnail=\"https:\/\/adra.ca\/wp-content\/uploads\/2025\/11\/567062818_1556673482431651_5062745081056679519_n-300x225.jpg\" data-width=\"300\" data-height=\"225\" aria-label=\"\" role=\"img\" ><\/div>\n\t\t\t\t\t\t\t\t\t\t\t<div class=\"elementor-gallery-item__overlay\"><\/div>\n\t\t\t\t\t\t\t\t\t\t\t\t\t\t<\/a>\n\t\t\t\t\t\t\t<a class=\"e-gallery-item elementor-gallery-item elementor-animated-content\" href=\"https:\/\/adra.ca\/wp-content\/uploads\/2025\/11\/853FD3E2-81E1-4AB6-87A1-DC3754C426CE.png\" data-elementor-open-lightbox=\"yes\" data-elementor-lightbox-slideshow=\"1906e6d\" data-elementor-lightbox-title=\"853FD3E2-81E1-4AB6-87A1-DC3754C426CE\" data-e-action-hash=\"#elementor-action%3Aaction%3Dlightbox%26settings%3DeyJpZCI6MjcxMjU3LCJ1cmwiOiJodHRwczpcL1wvYWRyYS5jYVwvd3AtY29udGVudFwvdXBsb2Fkc1wvMjAyNVwvMTFcLzg1M0ZEM0UyLTgxRTEtNEFCNi04N0ExLURDMzc1NEM0MjZDRS5wbmciLCJzbGlkZXNob3ciOiIxOTA2ZTZkIn0%3D\">\n\t\t\t\t\t<div class=\"e-gallery-image elementor-gallery-item__image\" data-thumbnail=\"https:\/\/adra.ca\/wp-content\/uploads\/2025\/11\/853FD3E2-81E1-4AB6-87A1-DC3754C426CE-300x169.png\" data-width=\"300\" data-height=\"169\" aria-label=\"\" role=\"img\" ><\/div>\n\t\t\t\t\t\t\t\t\t\t\t<div class=\"elementor-gallery-item__overlay\"><\/div>\n\t\t\t\t\t\t\t\t\t\t\t\t\t\t<\/a>\n\t\t\t\t\t\t\t<a class=\"e-gallery-item elementor-gallery-item elementor-animated-content\" href=\"https:\/\/adra.ca\/wp-content\/uploads\/2025\/11\/688AA47C-960F-4966-BD81-88DCA7B6C265.png\" data-elementor-open-lightbox=\"yes\" data-elementor-lightbox-slideshow=\"1906e6d\" data-elementor-lightbox-title=\"688AA47C-960F-4966-BD81-88DCA7B6C265\" data-e-action-hash=\"#elementor-action%3Aaction%3Dlightbox%26settings%3DeyJpZCI6MjcxMjU1LCJ1cmwiOiJodHRwczpcL1wvYWRyYS5jYVwvd3AtY29udGVudFwvdXBsb2Fkc1wvMjAyNVwvMTFcLzY4OEFBNDdDLTk2MEYtNDk2Ni1CRDgxLTg4RENBN0I2QzI2NS5wbmciLCJzbGlkZXNob3ciOiIxOTA2ZTZkIn0%3D\">\n\t\t\t\t\t<div class=\"e-gallery-image elementor-gallery-item__image\" data-thumbnail=\"https:\/\/adra.ca\/wp-content\/uploads\/2025\/11\/688AA47C-960F-4966-BD81-88DCA7B6C265-300x169.png\" data-width=\"300\" data-height=\"169\" aria-label=\"\" role=\"img\" ><\/div>\n\t\t\t\t\t\t\t\t\t\t\t<div class=\"elementor-gallery-item__overlay\"><\/div>\n\t\t\t\t\t\t\t\t\t\t\t\t\t\t<\/a>\n\t\t\t\t\t<\/div>\n\t\t\t\t\t<\/div>\n\t\t\t\t<\/div>\n\t\t\t\t\t<\/div>\n\t\t\t\t<\/div>\n\t\t\t\t<\/div>","protected":false},"excerpt":{"rendered":"<p>Les communaut\u00e9s soutenues par les projets STRONGER et TOGETHER d&#039;ADRA aux Philippines ont \u00e9t\u00e9 profond\u00e9ment touch\u00e9es par la r\u00e9cente s\u00e9rie de typhons.<\/p>\n<p>Apr\u00e8s le passage du typhon Opong (Bualoi) fin septembre, des milliers de familles dans les r\u00e9gions de Visayas orientales, de Bicol et des environs ont subi de graves inondations et des d\u00e9g\u00e2ts consid\u00e9rables \u00e0 leurs habitations. ADRA, par l&#039;interm\u00e9diaire de ses partenaires locaux, est intervenue imm\u00e9diatement en fournissant des colis alimentaires, des kits d&#039;eau, d&#039;assainissement et d&#039;hygi\u00e8ne (EAH) et une aide financi\u00e8re afin d&#039;aider les m\u00e9nages les plus vuln\u00e9rables \u00e0 subvenir \u00e0 leurs besoins urgents et \u00e0 entamer leur reconstruction.<\/p>","protected":false},"author":15,"featured_media":271233,"comment_status":"closed","ping_status":"closed","sticky":false,"template":"elementor_theme","format":"standard","meta":{"wds_primary_category":19,"footnotes":""},"categories":[61],"tags":[159,145],"class_list":["post-271192","post","type-post","status-publish","format-standard","has-post-thumbnail","hentry","category-news-releases","tag-emergency","tag-news-and-stories"],"_links":{"self":[{"href":"https:\/\/adra.ca\/fr\/wp-json\/wp\/v2\/posts\/271192","targetHints":{"allow":["GET"]}}],"collection":[{"href":"https:\/\/adra.ca\/fr\/wp-json\/wp\/v2\/posts"}],"about":[{"href":"https:\/\/adra.ca\/fr\/wp-json\/wp\/v2\/types\/post"}],"author":[{"embeddable":true,"href":"https:\/\/adra.ca\/fr\/wp-json\/wp\/v2\/users\/15"}],"replies":[{"embeddable":true,"href":"https:\/\/adra.ca\/fr\/wp-json\/wp\/v2\/comments?post=271192"}],"version-history":[{"count":0,"href":"https:\/\/adra.ca\/fr\/wp-json\/wp\/v2\/posts\/271192\/revisions"}],"wp:featuredmedia":[{"embeddable":true,"href":"https:\/\/adra.ca\/fr\/wp-json\/wp\/v2\/media\/271233"}],"wp:attachment":[{"href":"https:\/\/adra.ca\/fr\/wp-json\/wp\/v2\/media?parent=271192"}],"wp:term":[{"taxonomy":"category","embeddable":true,"href":"https:\/\/adra.ca\/fr\/wp-json\/wp\/v2\/categories?post=271192"},{"taxonomy":"post_tag","embeddable":true,"href":"https:\/\/adra.ca\/fr\/wp-json\/wp\/v2\/tags?post=271192"}],"curies":[{"name":"wp","href":"https:\/\/api.w.org\/{rel}","templated":true}]}}