{"id":373432,"date":"2026-03-08T01:00:46","date_gmt":"2026-03-08T06:00:46","guid":{"rendered":"https:\/\/adra.ca\/?p=373432"},"modified":"2026-03-05T20:44:04","modified_gmt":"2026-03-06T01:44:04","slug":"2026-international-womens-day","status":"publish","type":"post","link":"https:\/\/adra.ca\/fr\/news-releases\/2026-international-womens-day\/","title":{"rendered":"Journ\u00e9e internationale des femmes : Pain, paix et impact durable"},"content":{"rendered":"<div data-elementor-type=\"wp-post\" data-elementor-id=\"373432\" class=\"elementor elementor-373432\" data-elementor-post-type=\"post\">\n\t\t\t\t<div class=\"elementor-element elementor-element-6bf210c8 e-flex e-con-boxed e-con e-parent\" data-id=\"6bf210c8\" data-element_type=\"container\" data-e-type=\"container\">\n\t\t\t\t\t<div class=\"e-con-inner\">\n\t\t\t\t<div class=\"elementor-element elementor-element-e547b5f elementor-align-right elementor-mobile-align-center elementor-widget elementor-widget-button\" data-id=\"e547b5f\" data-element_type=\"widget\" data-e-type=\"widget\" data-widget_type=\"button.default\">\n\t\t\t\t<div class=\"elementor-widget-container\">\n\t\t\t\t\t\t\t\t\t<div class=\"elementor-button-wrapper\">\n\t\t\t\t\t<a class=\"elementor-button elementor-button-link elementor-size-sm\" href=\"http:\/\/adra.ca\/fr\/?form=InternationalWomensDay\">\n\t\t\t\t\t\t<span class=\"elementor-button-content-wrapper\">\n\t\t\t\t\t\t\t\t\t<span class=\"elementor-button-text\">Faire un don maintenant<\/span>\n\t\t\t\t\t<\/span>\n\t\t\t\t\t<\/a>\n\t\t\t\t<\/div>\n\t\t\t\t\t\t\t\t<\/div>\n\t\t\t\t<\/div>\n\t\t\t\t<div class=\"elementor-element elementor-element-0c8cb0c elementor-widget elementor-widget-gallery\" data-id=\"0c8cb0c\" data-element_type=\"widget\" data-e-type=\"widget\" data-settings=\"{&quot;gallery_layout&quot;:&quot;justified&quot;,&quot;ideal_row_height&quot;:{&quot;unit&quot;:&quot;px&quot;,&quot;size&quot;:100,&quot;sizes&quot;:[]},&quot;lazyload&quot;:&quot;yes&quot;,&quot;ideal_row_height_tablet&quot;:{&quot;unit&quot;:&quot;px&quot;,&quot;size&quot;:150,&quot;sizes&quot;:[]},&quot;ideal_row_height_mobile&quot;:{&quot;unit&quot;:&quot;px&quot;,&quot;size&quot;:150,&quot;sizes&quot;:[]},&quot;gap&quot;:{&quot;unit&quot;:&quot;px&quot;,&quot;size&quot;:10,&quot;sizes&quot;:[]},&quot;gap_tablet&quot;:{&quot;unit&quot;:&quot;px&quot;,&quot;size&quot;:10,&quot;sizes&quot;:[]},&quot;gap_mobile&quot;:{&quot;unit&quot;:&quot;px&quot;,&quot;size&quot;:10,&quot;sizes&quot;:[]},&quot;link_to&quot;:&quot;file&quot;,&quot;overlay_background&quot;:&quot;yes&quot;,&quot;content_hover_animation&quot;:&quot;fade-in&quot;}\" data-widget_type=\"gallery.default\">\n\t\t\t\t<div class=\"elementor-widget-container\">\n\t\t\t\t\t\t\t<div class=\"elementor-gallery__container\">\n\t\t\t\t\t\t\t<a class=\"e-gallery-item elementor-gallery-item elementor-animated-content\" href=\"https:\/\/adra.ca\/wp-content\/uploads\/2026\/03\/Reaf2-210-scaled.jpg\" data-elementor-open-lightbox=\"yes\" data-elementor-lightbox-slideshow=\"0c8cb0c\" data-elementor-lightbox-title=\"Reaf2-210\" data-e-action-hash=\"#elementor-action%3Aaction%3Dlightbox%26settings%3DeyJpZCI6MzczNDQ4LCJ1cmwiOiJodHRwczpcL1wvYWRyYS5jYVwvd3AtY29udGVudFwvdXBsb2Fkc1wvMjAyNlwvMDNcL1JlYWYyLTIxMC1zY2FsZWQuanBnIiwic2xpZGVzaG93IjoiMGM4Y2IwYyJ9\">\n\t\t\t\t\t<div class=\"e-gallery-image elementor-gallery-item__image\" data-thumbnail=\"https:\/\/adra.ca\/wp-content\/uploads\/2026\/03\/Reaf2-210-200x300.jpg\" data-width=\"200\" data-height=\"300\" aria-label=\"\" role=\"img\" ><\/div>\n\t\t\t\t\t\t\t\t\t\t\t<div class=\"elementor-gallery-item__overlay\"><\/div>\n\t\t\t\t\t\t\t\t\t\t\t\t\t\t<\/a>\n\t\t\t\t\t\t\t<a class=\"e-gallery-item elementor-gallery-item elementor-animated-content\" href=\"https:\/\/adra.ca\/wp-content\/uploads\/2026\/03\/20180220-0Q4A0874-scaled.jpg\" data-elementor-open-lightbox=\"yes\" data-elementor-lightbox-slideshow=\"0c8cb0c\" data-elementor-lightbox-title=\"20180220-0Q4A0874\" data-e-action-hash=\"#elementor-action%3Aaction%3Dlightbox%26settings%3DeyJpZCI6MzczNDQyLCJ1cmwiOiJodHRwczpcL1wvYWRyYS5jYVwvd3AtY29udGVudFwvdXBsb2Fkc1wvMjAyNlwvMDNcLzIwMTgwMjIwLTBRNEEwODc0LXNjYWxlZC5qcGciLCJzbGlkZXNob3ciOiIwYzhjYjBjIn0%3D\">\n\t\t\t\t\t<div class=\"e-gallery-image elementor-gallery-item__image\" data-thumbnail=\"https:\/\/adra.ca\/wp-content\/uploads\/2026\/03\/20180220-0Q4A0874-300x193.jpg\" data-width=\"300\" data-height=\"193\" aria-label=\"\" role=\"img\" ><\/div>\n\t\t\t\t\t\t\t\t\t\t\t<div class=\"elementor-gallery-item__overlay\"><\/div>\n\t\t\t\t\t\t\t\t\t\t\t\t\t\t<\/a>\n\t\t\t\t\t\t\t<a class=\"e-gallery-item elementor-gallery-item elementor-animated-content\" href=\"https:\/\/adra.ca\/wp-content\/uploads\/2026\/03\/FS-Kenya-2022-379-175-scaled.jpg\" data-elementor-open-lightbox=\"yes\" data-elementor-lightbox-slideshow=\"0c8cb0c\" data-elementor-lightbox-title=\"FS Kenya 2022-379-175\" data-e-action-hash=\"#elementor-action%3Aaction%3Dlightbox%26settings%3DeyJpZCI6MzczNDQ0LCJ1cmwiOiJodHRwczpcL1wvYWRyYS5jYVwvd3AtY29udGVudFwvdXBsb2Fkc1wvMjAyNlwvMDNcL0ZTLUtlbnlhLTIwMjItMzc5LTE3NS1zY2FsZWQuanBnIiwic2xpZGVzaG93IjoiMGM4Y2IwYyJ9\">\n\t\t\t\t\t<div class=\"e-gallery-image elementor-gallery-item__image\" data-thumbnail=\"https:\/\/adra.ca\/wp-content\/uploads\/2026\/03\/FS-Kenya-2022-379-175-200x300.jpg\" data-width=\"200\" data-height=\"300\" aria-label=\"\" role=\"img\" ><\/div>\n\t\t\t\t\t\t\t\t\t\t\t<div class=\"elementor-gallery-item__overlay\"><\/div>\n\t\t\t\t\t\t\t\t\t\t\t\t\t\t<\/a>\n\t\t\t\t\t\t\t<a class=\"e-gallery-item elementor-gallery-item elementor-animated-content\" href=\"https:\/\/adra.ca\/wp-content\/uploads\/2026\/03\/IMG_2784-scaled.jpg\" data-elementor-open-lightbox=\"yes\" data-elementor-lightbox-slideshow=\"0c8cb0c\" data-elementor-lightbox-title=\"IMG_2784\" data-e-action-hash=\"#elementor-action%3Aaction%3Dlightbox%26settings%3DeyJpZCI6MzczNDQ1LCJ1cmwiOiJodHRwczpcL1wvYWRyYS5jYVwvd3AtY29udGVudFwvdXBsb2Fkc1wvMjAyNlwvMDNcL0lNR18yNzg0LXNjYWxlZC5qcGciLCJzbGlkZXNob3ciOiIwYzhjYjBjIn0%3D\">\n\t\t\t\t\t<div class=\"e-gallery-image elementor-gallery-item__image\" data-thumbnail=\"https:\/\/adra.ca\/wp-content\/uploads\/2026\/03\/IMG_2784-300x200.jpg\" data-width=\"300\" data-height=\"200\" aria-label=\"\" role=\"img\" ><\/div>\n\t\t\t\t\t\t\t\t\t\t\t<div class=\"elementor-gallery-item__overlay\"><\/div>\n\t\t\t\t\t\t\t\t\t\t\t\t\t\t<\/a>\n\t\t\t\t\t\t\t<a class=\"e-gallery-item elementor-gallery-item elementor-animated-content\" href=\"https:\/\/adra.ca\/wp-content\/uploads\/2026\/03\/Philippines-November-2023-TOGETHER-2-scaled.jpg\" data-elementor-open-lightbox=\"yes\" data-elementor-lightbox-slideshow=\"0c8cb0c\" data-elementor-lightbox-title=\"Philippines November 2023 TOGETHER-2\" data-e-action-hash=\"#elementor-action%3Aaction%3Dlightbox%26settings%3DeyJpZCI6MzczNDQ2LCJ1cmwiOiJodHRwczpcL1wvYWRyYS5jYVwvd3AtY29udGVudFwvdXBsb2Fkc1wvMjAyNlwvMDNcL1BoaWxpcHBpbmVzLU5vdmVtYmVyLTIwMjMtVE9HRVRIRVItMi1zY2FsZWQuanBnIiwic2xpZGVzaG93IjoiMGM4Y2IwYyJ9\">\n\t\t\t\t\t<div class=\"e-gallery-image elementor-gallery-item__image\" data-thumbnail=\"https:\/\/adra.ca\/wp-content\/uploads\/2026\/03\/Philippines-November-2023-TOGETHER-2-300x200.jpg\" data-width=\"300\" data-height=\"200\" aria-label=\"\" role=\"img\" ><\/div>\n\t\t\t\t\t\t\t\t\t\t\t<div class=\"elementor-gallery-item__overlay\"><\/div>\n\t\t\t\t\t\t\t\t\t\t\t\t\t\t<\/a>\n\t\t\t\t\t\t\t<a class=\"e-gallery-item elementor-gallery-item elementor-animated-content\" href=\"https:\/\/adra.ca\/wp-content\/uploads\/2026\/03\/SouthSudan2024-79-scaled.jpg\" data-elementor-open-lightbox=\"yes\" data-elementor-lightbox-slideshow=\"0c8cb0c\" data-elementor-lightbox-title=\"SouthSudan2024-79\" data-e-action-hash=\"#elementor-action%3Aaction%3Dlightbox%26settings%3DeyJpZCI6MzczNDQ5LCJ1cmwiOiJodHRwczpcL1wvYWRyYS5jYVwvd3AtY29udGVudFwvdXBsb2Fkc1wvMjAyNlwvMDNcL1NvdXRoU3VkYW4yMDI0LTc5LXNjYWxlZC5qcGciLCJzbGlkZXNob3ciOiIwYzhjYjBjIn0%3D\">\n\t\t\t\t\t<div class=\"e-gallery-image elementor-gallery-item__image\" data-thumbnail=\"https:\/\/adra.ca\/wp-content\/uploads\/2026\/03\/SouthSudan2024-79-200x300.jpg\" data-width=\"200\" data-height=\"300\" aria-label=\"\" role=\"img\" ><\/div>\n\t\t\t\t\t\t\t\t\t\t\t<div class=\"elementor-gallery-item__overlay\"><\/div>\n\t\t\t\t\t\t\t\t\t\t\t\t\t\t<\/a>\n\t\t\t\t\t\t\t<a class=\"e-gallery-item elementor-gallery-item elementor-animated-content\" href=\"https:\/\/adra.ca\/wp-content\/uploads\/2026\/03\/Reaf2-24-scaled.jpg\" data-elementor-open-lightbox=\"yes\" data-elementor-lightbox-slideshow=\"0c8cb0c\" data-elementor-lightbox-title=\"Reaf2-24\" data-e-action-hash=\"#elementor-action%3Aaction%3Dlightbox%26settings%3DeyJpZCI6MzczNDQ3LCJ1cmwiOiJodHRwczpcL1wvYWRyYS5jYVwvd3AtY29udGVudFwvdXBsb2Fkc1wvMjAyNlwvMDNcL1JlYWYyLTI0LXNjYWxlZC5qcGciLCJzbGlkZXNob3ciOiIwYzhjYjBjIn0%3D\">\n\t\t\t\t\t<div class=\"e-gallery-image elementor-gallery-item__image\" data-thumbnail=\"https:\/\/adra.ca\/wp-content\/uploads\/2026\/03\/Reaf2-24-300x200.jpg\" data-width=\"300\" data-height=\"200\" aria-label=\"\" role=\"img\" ><\/div>\n\t\t\t\t\t\t\t\t\t\t\t<div class=\"elementor-gallery-item__overlay\"><\/div>\n\t\t\t\t\t\t\t\t\t\t\t\t\t\t<\/a>\n\t\t\t\t\t<\/div>\n\t\t\t\t\t<\/div>\n\t\t\t\t<\/div>\n\t\t\t\t<div class=\"elementor-element elementor-element-1b63a1d elementor-widget elementor-widget-text-editor\" data-id=\"1b63a1d\" data-element_type=\"widget\" data-e-type=\"widget\" data-widget_type=\"text-editor.default\">\n\t\t\t\t<div class=\"elementor-widget-container\">\n\t\t\t\t\t\t\t\t\t<p>Le 8 mars 1917, \u00e0 Petrograd, les femmes russes envahirent les rues en scandant \u201c\u00a0Du pain et la paix\u00a0!\u00a0\u201d. Leur protestation contre la guerre et leurs conditions de vie d\u00e9clencha la seconde phase de la R\u00e9volution russe. Sept jours plus tard seulement, elles obtinrent le droit de vote.<\/p><p>L&#039;id\u00e9e d&#039;une \u201c Journ\u00e9e de la femme \u201d avait \u00e9t\u00e9 propos\u00e9e et exp\u00e9riment\u00e9e aux \u00c9tats-Unis dans les ann\u00e9es pr\u00e9c\u00e9dant la R\u00e9volution russe, mais ce sont les actions courageuses des femmes russes en 1917 qui ont consacr\u00e9 cette date. En 1977, les Nations Unies l&#039;ont officiellement reconnue comme la Journ\u00e9e internationale des droits de la femme et de la paix.<\/p><p>Aujourd&#039;hui, le 8 mars, est une journ\u00e9e pour c\u00e9l\u00e9brer les femmes\u00a0; leurs contributions \u00e0 la soci\u00e9t\u00e9, que ce soit dans les domaines des sciences, de la recherche, de la politique, de l&#039;\u00e9conomie, des math\u00e9matiques ou de la litt\u00e9rature, ainsi que leurs contributions \u00e0 un niveau plus personnel dans nos vies, en tant que m\u00e8res, filles, s\u0153urs, amies, grands-m\u00e8res, tantes, cousines et ni\u00e8ces.<\/p><p>Chez ADRA Canada, nous tenons \u00e9galement \u00e0 rendre hommage aux femmes qui se sont battues pour sauver, prot\u00e9ger et nourrir leurs familles et leurs communaut\u00e9s, m\u00eame en pleine pauvret\u00e9, guerre, famine et catastrophes naturelles. Nous avons \u00e9t\u00e9 t\u00e9moins du d\u00e9vouement d&#039;innombrables femmes qui se sont investies pour soutenir et am\u00e9liorer le sort de leurs communaut\u00e9s face \u00e0 l&#039;adversit\u00e9, et nous voulons leur t\u00e9moigner notre plus profonde gratitude et notre admiration.<\/p><p>Chez ADRA Canada, le soutien aux femmes n&#039;est pas une initiative isol\u00e9e. Il est au c\u0153ur de tout ce que nous faisons.<\/p><ul><li>Lorsque nous offrons des services de sant\u00e9 maternelle et infantile, les femmes ont acc\u00e8s \u00e0 des soins pr\u00e9natals s\u00fbrs, \u00e0 du personnel qualifi\u00e9 pour l&#039;accouchement et \u00e0 un soutien m\u00e9dical essentiel, ce qui prot\u00e8ge \u00e0 la fois les m\u00e8res et les b\u00e9b\u00e9s et renforce les familles dans leur ensemble.<\/li><li>Investir dans la s\u00e9curit\u00e9 alimentaire et l&#039;agriculture durable permet aux agricultrices de b\u00e9n\u00e9ficier de formations, d&#039;outils et de ressources qui augmentent les rendements agricoles et les revenus des m\u00e9nages. Ces investissements, r\u00e9investis dans les familles, se traduisent par une scolarisation accrue des enfants, des repas plus nutritifs et des communaut\u00e9s plus stables.<\/li><li>En soutenant les programmes de subsistance et la formation \u00e0 la cr\u00e9ation de petites entreprises, nous permettons aux femmes d&#039;acqu\u00e9rir une ind\u00e9pendance financi\u00e8re et de subvenir aux besoins de leur foyer dans la dignit\u00e9. L&#039;autonomisation \u00e9conomique ne se limite pas \u00e0 l&#039;augmentation des revenus\u00a0; elle renforce la confiance en soi, la capacit\u00e9 \u00e0 s&#039;exprimer et la r\u00e9silience \u00e0 long terme.<\/li><\/ul><ul><li>Lors de nos interventions d&#039;urgence et de catastrophes, nous veillons \u00e0 ce que les femmes et les filles aient acc\u00e8s \u00e0 des produits d&#039;hygi\u00e8ne, \u00e0 un abri s\u00fbr, \u00e0 des services de protection et \u00e0 un soutien psychologique. Dans les moments les plus difficiles, cette prise en charge leur redonne s\u00e9curit\u00e9 et espoir.<\/li><li>En d\u00e9fendant l&#039;\u00e9ducation, nous offrons aux filles la possibilit\u00e9 d&#039;apprendre, de s&#039;\u00e9panouir et d&#039;envisager un avenir qui leur \u00e9tait autrefois inaccessible. Les filles instruites deviennent des leaders, des enseignantes, des professionnelles de la sant\u00e9, des entrepreneuses et des actrices du changement au sein de leurs communaut\u00e9s.<\/li><\/ul><p>L&#039;impact de l&#039;autonomisation des femmes est exponentiel. Les femmes soutenues renforcent les familles. Les familles renforc\u00e9es dynamisent les communaut\u00e9s. Les communaut\u00e9s r\u00e9silientes transforment les nations.<\/p><p>\u00c0 l&#039;occasion de la Journ\u00e9e internationale des femmes, vous pouvez contribuer \u00e0 cette transformation. Les femmes sont au c\u0153ur de tous nos projets, et nous vous invitons \u00e0 faire un don pour les soutenir via notre fonds \u00ab\u00a0L\u00e0 o\u00f9 les besoins sont les plus criants\u00a0\u00bb, afin de leur fournir des soins de sant\u00e9, des moyens de subsistance, une \u00e9ducation et une protection d&#039;urgence l\u00e0 o\u00f9 les besoins sont les plus urgents.<br \/><span style=\"font-size: 17.6px;\"><br \/>En cette Journ\u00e9e internationale des femmes, nous c\u00e9l\u00e9brons les femmes comme des piliers de l&#039;humanit\u00e9, des personnes fortes, compatissantes et courageuses, cr\u00e9\u00e9es \u00e0 l&#039;image m\u00eame de Dieu.<\/span><\/p><p><span style=\"font-size: 17.6px;\"><br \/>Nous voulons non seulement honorer leur contribution aujourd&#039;hui, mais aussi continuer \u00e0 \u0153uvrer, avec votre aide, pour un monde o\u00f9 la dignit\u00e9, les opportunit\u00e9s et la paix sont partag\u00e9es \u00e9quitablement.<\/span><\/p>\t\t\t\t\t\t\t\t<\/div>\n\t\t\t\t<\/div>\n\t\t\t\t<div class=\"elementor-element elementor-element-7b7e5a6 elementor-align-center elementor-widget elementor-widget-button\" data-id=\"7b7e5a6\" data-element_type=\"widget\" data-e-type=\"widget\" data-widget_type=\"button.default\">\n\t\t\t\t<div class=\"elementor-widget-container\">\n\t\t\t\t\t\t\t\t\t<div class=\"elementor-button-wrapper\">\n\t\t\t\t\t<a class=\"elementor-button elementor-button-link elementor-size-sm\" href=\"http:\/\/adra.ca\/fr\/?form=InternationalWomensDay\">\n\t\t\t\t\t\t<span class=\"elementor-button-content-wrapper\">\n\t\t\t\t\t\t\t\t\t<span class=\"elementor-button-text\">Faire un don maintenant<\/span>\n\t\t\t\t\t<\/span>\n\t\t\t\t\t<\/a>\n\t\t\t\t<\/div>\n\t\t\t\t\t\t\t\t<\/div>\n\t\t\t\t<\/div>\n\t\t\t\t\t<\/div>\n\t\t\t\t<\/div>\n\t\t\t\t<\/div>","protected":false},"excerpt":{"rendered":"<p>Le 8 mars 1917, \u00e0 Petrograd, les femmes russes envahirent les rues en scandant \u201c\u00a0Du pain et la paix\u00a0!\u00a0\u201d. Leur protestation contre la guerre et leurs conditions de vie d\u00e9clencha la seconde phase de la R\u00e9volution russe. Sept jours plus tard seulement, elles obtinrent le droit de vote.<\/p>","protected":false},"author":15,"featured_media":373478,"comment_status":"closed","ping_status":"closed","sticky":false,"template":"elementor_theme","format":"standard","meta":{"wds_primary_category":19,"footnotes":""},"categories":[61],"tags":[145,105],"class_list":["post-373432","post","type-post","status-publish","format-standard","has-post-thumbnail","hentry","category-news-releases","tag-news-and-stories","tag-women"],"_links":{"self":[{"href":"https:\/\/adra.ca\/fr\/wp-json\/wp\/v2\/posts\/373432","targetHints":{"allow":["GET"]}}],"collection":[{"href":"https:\/\/adra.ca\/fr\/wp-json\/wp\/v2\/posts"}],"about":[{"href":"https:\/\/adra.ca\/fr\/wp-json\/wp\/v2\/types\/post"}],"author":[{"embeddable":true,"href":"https:\/\/adra.ca\/fr\/wp-json\/wp\/v2\/users\/15"}],"replies":[{"embeddable":true,"href":"https:\/\/adra.ca\/fr\/wp-json\/wp\/v2\/comments?post=373432"}],"version-history":[{"count":0,"href":"https:\/\/adra.ca\/fr\/wp-json\/wp\/v2\/posts\/373432\/revisions"}],"wp:featuredmedia":[{"embeddable":true,"href":"https:\/\/adra.ca\/fr\/wp-json\/wp\/v2\/media\/373478"}],"wp:attachment":[{"href":"https:\/\/adra.ca\/fr\/wp-json\/wp\/v2\/media?parent=373432"}],"wp:term":[{"taxonomy":"category","embeddable":true,"href":"https:\/\/adra.ca\/fr\/wp-json\/wp\/v2\/categories?post=373432"},{"taxonomy":"post_tag","embeddable":true,"href":"https:\/\/adra.ca\/fr\/wp-json\/wp\/v2\/tags?post=373432"}],"curies":[{"name":"wp","href":"https:\/\/api.w.org\/{rel}","templated":true}]}}