{"id":429435,"date":"2026-04-15T15:35:17","date_gmt":"2026-04-15T19:35:17","guid":{"rendered":"https:\/\/adra.ca\/?p=429435"},"modified":"2026-04-22T16:18:39","modified_gmt":"2026-04-22T20:18:39","slug":"rising-from-disaster-arifs-journey-to-livelihood-recovery","status":"publish","type":"post","link":"https:\/\/adra.ca\/fr\/stories\/rising-from-disaster-arifs-journey-to-livelihood-recovery\/","title":{"rendered":"Se relever de la catastrophe : le parcours d&#039;Arif vers la reprise de ses moyens de subsistance"},"content":{"rendered":"<div data-elementor-type=\"wp-post\" data-elementor-id=\"429435\" class=\"elementor elementor-429435\" data-elementor-post-type=\"post\">\n\t\t\t\t<div class=\"elementor-element elementor-element-6bf210c8 e-flex e-con-boxed e-con e-parent\" data-id=\"6bf210c8\" data-element_type=\"container\" data-e-type=\"container\">\n\t\t\t\t\t<div class=\"e-con-inner\">\n\t\t\t\t<div class=\"elementor-element elementor-element-502072d elementor-align-right elementor-widget elementor-widget-button\" data-id=\"502072d\" data-element_type=\"widget\" data-e-type=\"widget\" data-widget_type=\"button.default\">\n\t\t\t\t<div class=\"elementor-widget-container\">\n\t\t\t\t\t\t\t\t\t<div class=\"elementor-button-wrapper\">\n\t\t\t\t\t<a class=\"elementor-button elementor-button-link elementor-size-sm\" href=\"https:\/\/adra.ca\/fr\/?form=FUNHZGMBGEB\">\n\t\t\t\t\t\t<span class=\"elementor-button-content-wrapper\">\n\t\t\t\t\t\t\t\t\t<span class=\"elementor-button-text\">Faire un don maintenant<\/span>\n\t\t\t\t\t<\/span>\n\t\t\t\t\t<\/a>\n\t\t\t\t<\/div>\n\t\t\t\t\t\t\t\t<\/div>\n\t\t\t\t<\/div>\n\t\t\t\t<div class=\"elementor-element elementor-element-1b63a1d elementor-widget elementor-widget-text-editor\" data-id=\"1b63a1d\" data-element_type=\"widget\" data-e-type=\"widget\" data-widget_type=\"text-editor.default\">\n\t\t\t\t<div class=\"elementor-widget-container\">\n\t\t\t\t\t\t\t\t\t<p>En 2018, un puissant s\u00e9isme et la liqu\u00e9faction des sols ont d\u00e9vast\u00e9 le centre de Sulawesi, en Indon\u00e9sie, d\u00e9truisant la maison et les terres agricoles d&#039;Arif et de sa famille. Leur village a ensuite \u00e9t\u00e9 d\u00e9clar\u00e9 zone rouge, inhabitable, les obligeant \u00e0 se reloger dans la r\u00e9gence de Sigi.<br \/><span style=\"font-size: 17.6px;\"><br \/>Bien que la famille ait re\u00e7u une petite maison et un lopin de terre, le manque d&#039;eau rendait l&#039;agriculture impossible. D\u00e9termin\u00e9 \u00e0 reconstruire sa vie, Arif se tourna vers l&#039;\u00e9levage, en commen\u00e7ant par quatre ch\u00e8vres. Mais les maladies fr\u00e9quentes, les pertes d&#039;animaux et les al\u00e9as climatiques rendaient difficile l&#039;obtention d&#039;un revenu stable.<br \/><\/span><span style=\"font-size: 17.6px;\"><br \/>En 2022, Arif a int\u00e9gr\u00e9 le programme de formation Sukakeswan d&#039;ADRA Indon\u00e9sie, qui vise \u00e0 doter les membres de la communaut\u00e9 de comp\u00e9tences de base en m\u00e9decine v\u00e9t\u00e9rinaire et en \u00e9levage. Gr\u00e2ce \u00e0 cette formation, il a acquis des connaissances sur l&#039;am\u00e9lioration de l&#039;assainissement, la bios\u00e9curit\u00e9, la gestion de l&#039;alimentation animale et les bonnes pratiques de sant\u00e9 animale. Ses r\u00e9sultats se sont rapidement am\u00e9lior\u00e9s. En 2023, ADRA a soutenu Arif en lui fournissant deux ch\u00e8vres suppl\u00e9mentaires gr\u00e2ce \u00e0 un fonds de roulement pour l&#039;\u00e9levage. Une fois son troupeau agrandi, Arif a donn\u00e9 deux jeunes ch\u00e8vres \u00e0 un autre participant, contribuant ainsi \u00e0 \u00e9tendre le soutien \u00e0 davantage de familles.<br \/><\/span><span style=\"font-size: 17.6px;\"><br \/>Aujourd&#039;hui, Arif poss\u00e8de 17 ch\u00e8vres et en a d\u00e9j\u00e0 vendu sept gr\u00e2ce au soutien de donateurs, ce qui lui a rapport\u00e9 environ 700 dollars am\u00e9ricains. Ces revenus lui ont permis de couvrir ses besoins quotidiens, de payer la scolarit\u00e9 de son enfant et de r\u00e9investir dans une petite exploitation agricole.<br \/><\/span><span style=\"font-size: 17.6px;\"><br \/>Au-del\u00e0 de sa propre famille, Arif aide d\u00e9sormais d&#039;autres personnes \u00e0 se reconstruire. Il a cofond\u00e9 Konco Ramban (\u201c\u00a0Compagnons de p\u00e2turage\u00a0\u201d), un groupement d&#039;\u00e9leveurs de ch\u00e8vres qui encourage l&#039;apprentissage entre pairs, les bons soins aux animaux et l&#039;entraide entre les familles relog\u00e9es. Il anime \u00e9galement des formations pratiques sur l&#039;\u00e9levage et des activit\u00e9s communautaires de sant\u00e9 animale avec ADRA.<br \/><\/span><span style=\"font-size: 17.6px;\"><br \/>\u201c Je suis profond\u00e9ment reconnaissant envers ADRA \u201d, d\u00e9clare Arif. \u201c Ils m&#039;ont aid\u00e9 \u00e0 acqu\u00e9rir les comp\u00e9tences et la confiance n\u00e9cessaires pour subvenir \u00e0 nouveau aux besoins de ma famille. \u201d<\/span><\/p><p><!-- \/wp:paragraph --><\/p>\t\t\t\t\t\t\t\t<\/div>\n\t\t\t\t<\/div>\n\t\t\t\t\t<\/div>\n\t\t\t\t<\/div>\n\t\t<div class=\"elementor-element elementor-element-570cd6e e-flex e-con-boxed e-con e-parent\" data-id=\"570cd6e\" data-element_type=\"container\" data-e-type=\"container\">\n\t\t\t\t\t<div class=\"e-con-inner\">\n\t\t\t\t<div class=\"elementor-element elementor-element-35d2cb8 elementor-align-center elementor-widget elementor-widget-button\" data-id=\"35d2cb8\" data-element_type=\"widget\" data-e-type=\"widget\" data-widget_type=\"button.default\">\n\t\t\t\t<div class=\"elementor-widget-container\">\n\t\t\t\t\t\t\t\t\t<div class=\"elementor-button-wrapper\">\n\t\t\t\t\t<a class=\"elementor-button elementor-button-link elementor-size-sm\" href=\"https:\/\/adra.ca\/fr\/?form=FUNHZGMBGEB\">\n\t\t\t\t\t\t<span class=\"elementor-button-content-wrapper\">\n\t\t\t\t\t\t\t\t\t<span class=\"elementor-button-text\">Faire un don maintenant<\/span>\n\t\t\t\t\t<\/span>\n\t\t\t\t\t<\/a>\n\t\t\t\t<\/div>\n\t\t\t\t\t\t\t\t<\/div>\n\t\t\t\t<\/div>\n\t\t\t\t\t<\/div>\n\t\t\t\t<\/div>\n\t\t\t\t<\/div>","protected":false},"excerpt":{"rendered":"<p>En 2018, un puissant s\u00e9isme et la liqu\u00e9faction des sols ont d\u00e9vast\u00e9 le centre de Sulawesi, en Indon\u00e9sie, d\u00e9truisant la maison et les terres agricoles d&#039;Arif et de sa famille. Leur village a ensuite \u00e9t\u00e9 d\u00e9clar\u00e9 zone rouge, inhabitable, les obligeant \u00e0 se reloger dans la r\u00e9gence de Sigi.<\/p>","protected":false},"author":15,"featured_media":429440,"comment_status":"closed","ping_status":"closed","sticky":false,"template":"elementor_theme","format":"standard","meta":{"wds_primary_category":19,"footnotes":""},"categories":[61,19],"tags":[159,145],"class_list":["post-429435","post","type-post","status-publish","format-standard","has-post-thumbnail","hentry","category-news-releases","category-stories","tag-emergency","tag-news-and-stories"],"_links":{"self":[{"href":"https:\/\/adra.ca\/fr\/wp-json\/wp\/v2\/posts\/429435","targetHints":{"allow":["GET"]}}],"collection":[{"href":"https:\/\/adra.ca\/fr\/wp-json\/wp\/v2\/posts"}],"about":[{"href":"https:\/\/adra.ca\/fr\/wp-json\/wp\/v2\/types\/post"}],"author":[{"embeddable":true,"href":"https:\/\/adra.ca\/fr\/wp-json\/wp\/v2\/users\/15"}],"replies":[{"embeddable":true,"href":"https:\/\/adra.ca\/fr\/wp-json\/wp\/v2\/comments?post=429435"}],"version-history":[{"count":0,"href":"https:\/\/adra.ca\/fr\/wp-json\/wp\/v2\/posts\/429435\/revisions"}],"wp:featuredmedia":[{"embeddable":true,"href":"https:\/\/adra.ca\/fr\/wp-json\/wp\/v2\/media\/429440"}],"wp:attachment":[{"href":"https:\/\/adra.ca\/fr\/wp-json\/wp\/v2\/media?parent=429435"}],"wp:term":[{"taxonomy":"category","embeddable":true,"href":"https:\/\/adra.ca\/fr\/wp-json\/wp\/v2\/categories?post=429435"},{"taxonomy":"post_tag","embeddable":true,"href":"https:\/\/adra.ca\/fr\/wp-json\/wp\/v2\/tags?post=429435"}],"curies":[{"name":"wp","href":"https:\/\/api.w.org\/{rel}","templated":true}]}}