{"id":430397,"date":"2026-04-23T15:51:08","date_gmt":"2026-04-23T19:51:08","guid":{"rendered":"https:\/\/adra.ca\/?p=430397"},"modified":"2026-04-23T15:52:41","modified_gmt":"2026-04-23T19:52:41","slug":"stitching-comfort-calgary-volunteers-support-children-in-need","status":"publish","type":"post","link":"https:\/\/adra.ca\/fr\/stories\/stitching-comfort-calgary-volunteers-support-children-in-need\/","title":{"rendered":"Stitching Comfort : des b\u00e9n\u00e9voles de Calgary soutiennent les enfants dans le besoin"},"content":{"rendered":"<div data-elementor-type=\"wp-post\" data-elementor-id=\"430397\" class=\"elementor elementor-430397\" data-elementor-post-type=\"post\">\n\t\t\t\t<div class=\"elementor-element elementor-element-6bf210c8 e-flex e-con-boxed e-con e-parent\" data-id=\"6bf210c8\" data-element_type=\"container\" data-e-type=\"container\">\n\t\t\t\t\t<div class=\"e-con-inner\">\n\t\t\t\t<div class=\"elementor-element elementor-element-502072d elementor-align-right elementor-widget elementor-widget-button\" data-id=\"502072d\" data-element_type=\"widget\" data-e-type=\"widget\" data-widget_type=\"button.default\">\n\t\t\t\t<div class=\"elementor-widget-container\">\n\t\t\t\t\t\t\t\t\t<div class=\"elementor-button-wrapper\">\n\t\t\t\t\t<a class=\"elementor-button elementor-button-link elementor-size-sm\" href=\"https:\/\/adra.ca\/fr\/?form=FUNHZGMBGEB\">\n\t\t\t\t\t\t<span class=\"elementor-button-content-wrapper\">\n\t\t\t\t\t\t\t\t\t<span class=\"elementor-button-text\">Faire un don maintenant<\/span>\n\t\t\t\t\t<\/span>\n\t\t\t\t\t<\/a>\n\t\t\t\t<\/div>\n\t\t\t\t\t\t\t\t<\/div>\n\t\t\t\t<\/div>\n\t\t\t\t<div class=\"elementor-element elementor-element-1b63a1d elementor-widget elementor-widget-text-editor\" data-id=\"1b63a1d\" data-element_type=\"widget\" data-e-type=\"widget\" data-widget_type=\"text-editor.default\">\n\t\t\t\t<div class=\"elementor-widget-container\">\n\t\t\t\t\t\t\t\t\t<p>Depuis 2009, la section de Calgary de l&#039;organisme \u00ab\u00a0It&#039;s My Very Own \u2013 Bags of Love\u00a0\u00bb (IMVO BOL) soutient les enfants confront\u00e9s aux moments les plus difficiles de leur jeune vie. Lorsqu&#039;un enfant est retir\u00e9 de son foyer en raison de n\u00e9gligence, de maltraitance ou d&#039;autres situations de crise, il se retrouve souvent sans rien. Les b\u00e9n\u00e9voles d&#039;IMVO BOL veillent \u00e0 ce que ces enfants re\u00e7oivent un peu de r\u00e9confort durant cette p\u00e9riode de transition. Chaque sac, confectionn\u00e9 \u00e0 la main, contient des articles tels qu&#039;une couverture, un ours en peluche, des jouets, des produits d&#039;hygi\u00e8ne et d&#039;autres articles essentiels.<br \/><span style=\"font-size: 17.6px;\"><br \/>Entre le 1er avril et le 31 d\u00e9cembre 2025, la section de Calgary a distribu\u00e9 209 \u00ab\u00a0Sacs d\u2019amour\u00a0\u00bb \u00e0 des enfants dans le besoin. Derri\u00e8re chaque sac se cache une communaut\u00e9 de b\u00e9n\u00e9voles dont la compassion et le d\u00e9vouement soutiennent cette initiative. Une b\u00e9n\u00e9vole fr\u00e9quente r\u00e9guli\u00e8rement les friperies \u00e0 la recherche de tissus abordables pour confectionner des couvertures. Lors d\u2019une visite, les bras charg\u00e9s de tissus, elle a engag\u00e9 la conversation avec une cliente qui cr\u00e9e des \u0153uvres textiles encadr\u00e9es \u00e0 partir de chutes. Lorsque cette derni\u00e8re a entendu parler d\u2019IMVO BOL, elle a offert \u00e0 la b\u00e9n\u00e9vole une grande quantit\u00e9 de tissus dont elle souhaitait se d\u00e9barrasser. La b\u00e9n\u00e9vole est repartie avec quatre sacs-poubelle remplis de tissus qui seront transform\u00e9s en couvertures pour les futurs \u00ab\u00a0Sacs d\u2019amour\u00a0\u00bb.<br \/><\/span><span style=\"font-size: 17.6px;\"><br \/>Une autre fois, la m\u00eame b\u00e9n\u00e9vole a rencontr\u00e9 une femme qui confectionnait des coussins en forme de c\u0153ur en denim, avec des poches soigneusement cousues qui ressemblaient \u00e0 des jeans. Elle essayait de les vendre lors d&#039;un vide-grenier, mais sans grand succ\u00e8s. Apr\u00e8s avoir entendu parler du programme \u00ab\u00a0Sacs d&#039;amour\u00a0\u00bb, elle a g\u00e9n\u00e9reusement fait don de ses coussins. Ces petites attentions sont devenues un \u00e9l\u00e9ment pr\u00e9cieux des sacs, et la femme a depuis \u00e9t\u00e9 invit\u00e9e \u00e0 continuer \u00e0 fabriquer des coussins en forme de c\u0153ur en denim pour l&#039;association.<br \/><\/span><span style=\"font-size: 17.6px;\"><br \/>Ces histoires refl\u00e8tent l&#039;esprit de la communaut\u00e9 IMVO BOL\u00a0: des b\u00e9n\u00e9voles et des donateurs qui \u0153uvrent ensemble pour apporter r\u00e9confort et soutien aux enfants en situation de crise, gr\u00e2ce \u00e0 la g\u00e9n\u00e9rosit\u00e9 de donateurs comme vous. Par de petits gestes de bont\u00e9 et de g\u00e9n\u00e9rosit\u00e9, les enfants vuln\u00e9rables se sentent moins seuls.<\/span><\/p><p><!-- \/wp:paragraph --><\/p>\t\t\t\t\t\t\t\t<\/div>\n\t\t\t\t<\/div>\n\t\t\t\t\t<\/div>\n\t\t\t\t<\/div>\n\t\t<div class=\"elementor-element elementor-element-570cd6e e-flex e-con-boxed e-con e-parent\" data-id=\"570cd6e\" data-element_type=\"container\" data-e-type=\"container\">\n\t\t\t\t\t<div class=\"e-con-inner\">\n\t\t\t\t<div class=\"elementor-element elementor-element-35d2cb8 elementor-align-center elementor-widget elementor-widget-button\" data-id=\"35d2cb8\" data-element_type=\"widget\" data-e-type=\"widget\" data-widget_type=\"button.default\">\n\t\t\t\t<div class=\"elementor-widget-container\">\n\t\t\t\t\t\t\t\t\t<div class=\"elementor-button-wrapper\">\n\t\t\t\t\t<a class=\"elementor-button elementor-button-link elementor-size-sm\" href=\"https:\/\/adra.ca\/fr\/?form=FUNHZGMBGEB\">\n\t\t\t\t\t\t<span class=\"elementor-button-content-wrapper\">\n\t\t\t\t\t\t\t\t\t<span class=\"elementor-button-text\">Faire un don maintenant<\/span>\n\t\t\t\t\t<\/span>\n\t\t\t\t\t<\/a>\n\t\t\t\t<\/div>\n\t\t\t\t\t\t\t\t<\/div>\n\t\t\t\t<\/div>\n\t\t\t\t\t<\/div>\n\t\t\t\t<\/div>\n\t\t\t\t<\/div>","protected":false},"excerpt":{"rendered":"<p>Depuis 2009, la section de Calgary de l&#039;organisme \u00ab\u00a0It&#039;s My Very Own \u2013 Bags of Love\u00a0\u00bb (IMVO BOL) soutient les enfants confront\u00e9s aux moments les plus difficiles de leur jeune vie. Lorsqu&#039;un enfant est retir\u00e9 de son foyer en raison de n\u00e9gligence, de maltraitance ou d&#039;autres situations de crise, il se retrouve souvent sans rien. Les b\u00e9n\u00e9voles d&#039;IMVO BOL veillent \u00e0 ce que ces enfants re\u00e7oivent un peu de r\u00e9confort durant cette p\u00e9riode de transition. Chaque sac, confectionn\u00e9 \u00e0 la main, contient des articles tels qu&#039;une couverture, un ours en peluche, des jouets, des produits d&#039;hygi\u00e8ne et d&#039;autres articles essentiels.<\/p>","protected":false},"author":15,"featured_media":430403,"comment_status":"open","ping_status":"closed","sticky":false,"template":"elementor_theme","format":"standard","meta":{"wds_primary_category":19,"footnotes":""},"categories":[61,19],"tags":[108,145],"class_list":["post-430397","post","type-post","status-publish","format-standard","has-post-thumbnail","hentry","category-news-releases","category-stories","tag-canada","tag-news-and-stories"],"_links":{"self":[{"href":"https:\/\/adra.ca\/fr\/wp-json\/wp\/v2\/posts\/430397","targetHints":{"allow":["GET"]}}],"collection":[{"href":"https:\/\/adra.ca\/fr\/wp-json\/wp\/v2\/posts"}],"about":[{"href":"https:\/\/adra.ca\/fr\/wp-json\/wp\/v2\/types\/post"}],"author":[{"embeddable":true,"href":"https:\/\/adra.ca\/fr\/wp-json\/wp\/v2\/users\/15"}],"replies":[{"embeddable":true,"href":"https:\/\/adra.ca\/fr\/wp-json\/wp\/v2\/comments?post=430397"}],"version-history":[{"count":0,"href":"https:\/\/adra.ca\/fr\/wp-json\/wp\/v2\/posts\/430397\/revisions"}],"wp:featuredmedia":[{"embeddable":true,"href":"https:\/\/adra.ca\/fr\/wp-json\/wp\/v2\/media\/430403"}],"wp:attachment":[{"href":"https:\/\/adra.ca\/fr\/wp-json\/wp\/v2\/media?parent=430397"}],"wp:term":[{"taxonomy":"category","embeddable":true,"href":"https:\/\/adra.ca\/fr\/wp-json\/wp\/v2\/categories?post=430397"},{"taxonomy":"post_tag","embeddable":true,"href":"https:\/\/adra.ca\/fr\/wp-json\/wp\/v2\/tags?post=430397"}],"curies":[{"name":"wp","href":"https:\/\/api.w.org\/{rel}","templated":true}]}}