{"id":92326,"date":"2022-10-13T16:37:46","date_gmt":"2022-10-13T20:37:46","guid":{"rendered":"https:\/\/devsite.adra.ca\/?p=92326"},"modified":"2023-08-03T11:49:36","modified_gmt":"2023-08-03T15:49:36","slug":"responding-to-the-hunger-crisis","status":"publish","type":"post","link":"https:\/\/adra.ca\/fr\/stories\/responding-to-the-hunger-crisis\/","title":{"rendered":"R\u00e9pondre \u00e0 la crise de la faim"},"content":{"rendered":"<p><span data-contrast=\"auto\">La R\u00e9publique d\u00e9mocratique du Congo (RDC) est un pays luxuriant de for\u00eats tropicales, de collines et de montagnes. On y trouve des gorilles, des rhinoc\u00e9ros blancs, des \u00e9l\u00e9phants et des girafes.<\/span><span data-ccp-props=\"{\">&nbsp;<\/span><\/p>\n<p><span data-contrast=\"auto\">Sa beaut\u00e9 naturelle n&#039;a d&#039;\u00e9gale que sa richesse en ressources naturelles, ce qui la classe parmi les plus riches en ces termes.<\/span><span data-ccp-props=\"{\">&nbsp;<\/span><\/p>\n<p><span data-contrast=\"auto\">Il est donc ironique que cette beaut\u00e9 et cette abondance coexistent avec l&#039;une des plus grandes crises alimentaires au monde. Ce pays compte le plus grand nombre d&#039;habitants au monde \u2013 27 millions \u2013 confront\u00e9s \u00e0 une ins\u00e9curit\u00e9 alimentaire extr\u00eame.<\/span><span data-contrast=\"auto\">1<\/span><span data-contrast=\"auto\"> C\u2019est alors que les gens n\u2019ont pas un acc\u00e8s fiable \u00e0 suffisamment d\u2019aliments nutritifs et abordables. Pour s\u2019offrir un peu de nourriture, ils doivent recourir \u00e0 des strat\u00e9gies d\u2019adaptation \u00e0 la crise, comme emprunter de l\u2019argent ou \u00e9puiser leurs actifs. Pour allonger la quantit\u00e9 de nourriture, les familles rationnent les portions ou les adultes sautent des repas pour en laisser davantage \u00e0 leurs enfants.&nbsp;<\/span><span data-ccp-props=\"{\">&nbsp;<\/span><\/p>\n<p><span data-contrast=\"auto\">Cette crise ne s&#039;est pas produite du jour au lendemain. Des d\u00e9cennies de conflit et d&#039;instabilit\u00e9 politique ont paralys\u00e9 le d\u00e9veloppement, for\u00e7ant des millions de personnes \u00e0 fuir leurs foyers et leurs terres agricoles. Les effets du conflit sont aggrav\u00e9s par le marasme \u00e9conomique r\u00e9sultant de la pand\u00e9mie de COVID-19 et de la hausse de l&#039;inflation.<\/span><span data-ccp-props=\"{\">&nbsp;<\/span><\/p>\n<div style=\"text-align:center;\"><span class=\"fusion-imageframe imageframe-none imageframe-59 hover-type-none\"><img fetchpriority=\"high\" decoding=\"async\" width=\"940\" height=\"788\" src=\"https:\/\/devsite.adra.ca\/wp-content\/uploads\/2022\/10\/Untitled-design.png\" alt=\"\" class=\"img-responsive wp-image-81862\" srcset=\"https:\/\/www.adra.ca\/wp-content\/uploads\/2022\/10\/Untitled-design-200x168.png 200w, https:\/\/www.adra.ca\/wp-content\/uploads\/2022\/10\/Untitled-design-400x335.png 400w, https:\/\/www.adra.ca\/wp-content\/uploads\/2022\/10\/Untitled-design-600x503.png 600w, https:\/\/www.adra.ca\/wp-content\/uploads\/2022\/10\/Untitled-design-800x671.png 800w, https:\/\/devsite.adra.ca\/wp-content\/uploads\/2022\/10\/Untitled-design.png 940w\" sizes=\"(max-width: 1032px) 100vw, (max-width: 525px) 100vw, 940px\"><\/span><\/div>\n<p><span data-contrast=\"auto\">Cette crise alimentaire s&#039;inscrit dans une crise mondiale d&#039;une ampleur sans pr\u00e9c\u00e9dent qui couve depuis pr\u00e8s d&#039;une d\u00e9cennie. Heureusement, elle commence \u00e0 attirer l&#039;attention qu&#039;elle m\u00e9rite et \u00e0 nous inciter \u00e0 agir.&nbsp;<\/span><span data-ccp-props=\"{\">&nbsp;<\/span><\/p>\n<p><span data-contrast=\"auto\">Que sommes-nous cens\u00e9s faire pour les 27 millions de personnes affam\u00e9es en RDC, soit environ 345 millions de personnes affam\u00e9es ?<\/span><span data-contrast=\"auto\">2<\/span><span data-contrast=\"auto\"> dans le monde? La r\u00e9ponse simple est : <em>\u00ab Nourrissez les affam\u00e9s et aidez ceux qui sont en difficult\u00e9. \u00bb<\/em> (\u00c9sa\u00efe 58\u00a0:\u00a010, NLT)<\/span><span data-ccp-props=\"{\">&nbsp;<\/span><\/p>\n<p><span data-contrast=\"auto\">Comment pouvons-nous sauver des vies d\u00e8s maintenant et b\u00e2tir un avenir o\u00f9 la s\u00e9curit\u00e9 alimentaire est assur\u00e9e, en \u0153uvrant pour que la faim ne soit plus qu&#039;un mauvais souvenir plut\u00f4t qu&#039;une r\u00e9alit\u00e9 intol\u00e9rable\u00a0? Nous ne parviendrons pas \u00e0 un monde sans faim avant le retour de J\u00e9sus. N\u00e9anmoins, n&#039;est-il pas de notre devoir d&#039;\u0153uvrer pour cet objectif jusqu&#039;\u00e0 ce qu&#039;il vienne et l&#039;accomplisse pleinement\u00a0?<\/span><span data-ccp-props=\"{\">&nbsp;<\/span><\/p>\n<p><span data-contrast=\"auto\">Gr\u00e2ce \u00e0 votre soutien, ADRA \u0153uvre pour atteindre cet objectif. En RDC, un nouveau projet financ\u00e9 par la Banque canadienne de c\u00e9r\u00e9ales (BCCR) se pr\u00e9pare \u00e0 offrir un traitement nutritionnel th\u00e9rapeutique \u00e0 1\u00a0000 enfants souffrant de malnutrition s\u00e9v\u00e8re. Apr\u00e8s avoir suivi ce traitement vital, ils recevront un traitement compl\u00e9mentaire pour renforcer leur sant\u00e9. Le projet encouragera \u00e9galement les m\u00e8res \u00e0 allaiter leurs enfants de moins de deux ans. Des programmes communautaires favoriseront les bonnes pratiques alimentaires, ce qui permettra de sauver des vies et de pr\u00e9venir les cons\u00e9quences irr\u00e9versibles de la malnutrition.&nbsp;<\/span><span data-ccp-props=\"{\">&nbsp;<\/span><\/p>\n<p><span data-contrast=\"auto\">Les familles recevront \u00e9galement de l\u2019argent pour leur permettre d\u2019acheter suffisamment de nourriture, de rembourser leurs dettes ou d\u2019investir dans des moyens de subsistance pour subvenir \u00e0 leurs besoins. Ce projet, ainsi que deux pr\u00e9c\u00e9dents similaires, b\u00e9n\u00e9ficieront \u00e0 22 000 personnes et leurs familles.&nbsp;<\/span><span data-ccp-props=\"{\">&nbsp;<\/span><\/p>\n<p><span data-contrast=\"auto\">Dans des pays comme le Kenya, le Mozambique et le N\u00e9pal, les projets ADRA financ\u00e9s par le CFGB apprennent aux familles \u00e0 cultiver leur propre nourriture et \u00e0 investir dans le d\u00e9veloppement des moyens de subsistance. Des projets similaires d\u00e9buteront bient\u00f4t au Soudan, en Indon\u00e9sie et dans un pays d&#039;Am\u00e9rique du Sud.<\/span><span data-ccp-props=\"{\">&nbsp;<\/span><\/p>\n<p><span data-contrast=\"auto\">Il nous faudra tous unir nos forces pour affronter cette crise. Et m\u00eame dans ce cas, il faudra que Dieu b\u00e9nisse nos ressources et nos efforts. Mais il nous a promis des b\u00e9n\u00e9dictions. Nous pouvons donc rester courageux face \u00e0 cette situation. <em>\u00ab nourrir les affam\u00e9s et aider ceux qui sont en difficult\u00e9. \u00bb<\/em><\/span><em>&nbsp;<\/em><\/p>","protected":false},"excerpt":{"rendered":"<p>La R\u00e9publique d\u00e9mocratique du Congo (RDC) est un pays luxuriant compos\u00e9 de for\u00eats tropicales, de collines et de montagnes. Elle abrite des gorilles, des rhinoc\u00e9ros blancs, des \u00e9l\u00e9phants et des girafes. Sa beaut\u00e9 naturelle n&#039;a d&#039;\u00e9gale que sa richesse en ressources naturelles, ce qui la classe parmi les plus riches en ces termes. Il est donc ironique que cette beaut\u00e9 et cette g\u00e9n\u00e9rosit\u00e9 \u2026 lire la suite<\/p>","protected":false},"author":10,"featured_media":92174,"comment_status":"close","ping_status":"open","sticky":false,"template":"","format":"standard","meta":{"wds_primary_category":19,"footnotes":""},"categories":[19],"tags":[120,106,145],"class_list":["post-92326","post","type-post","status-publish","format-standard","has-post-thumbnail","hentry","category-stories","tag-democratic-republic-of-the-congo","tag-emergency-response","tag-news-and-stories"],"_links":{"self":[{"href":"https:\/\/adra.ca\/fr\/wp-json\/wp\/v2\/posts\/92326","targetHints":{"allow":["GET"]}}],"collection":[{"href":"https:\/\/adra.ca\/fr\/wp-json\/wp\/v2\/posts"}],"about":[{"href":"https:\/\/adra.ca\/fr\/wp-json\/wp\/v2\/types\/post"}],"author":[{"embeddable":true,"href":"https:\/\/adra.ca\/fr\/wp-json\/wp\/v2\/users\/10"}],"replies":[{"embeddable":true,"href":"https:\/\/adra.ca\/fr\/wp-json\/wp\/v2\/comments?post=92326"}],"version-history":[{"count":0,"href":"https:\/\/adra.ca\/fr\/wp-json\/wp\/v2\/posts\/92326\/revisions"}],"wp:featuredmedia":[{"embeddable":true,"href":"https:\/\/adra.ca\/fr\/wp-json\/wp\/v2\/media\/92174"}],"wp:attachment":[{"href":"https:\/\/adra.ca\/fr\/wp-json\/wp\/v2\/media?parent=92326"}],"wp:term":[{"taxonomy":"category","embeddable":true,"href":"https:\/\/adra.ca\/fr\/wp-json\/wp\/v2\/categories?post=92326"},{"taxonomy":"post_tag","embeddable":true,"href":"https:\/\/adra.ca\/fr\/wp-json\/wp\/v2\/tags?post=92326"}],"curies":[{"name":"wp","href":"https:\/\/api.w.org\/{rel}","templated":true}]}}