{"id":92330,"date":"2022-09-13T15:55:01","date_gmt":"2022-09-13T19:55:01","guid":{"rendered":"https:\/\/devsite.adra.ca\/?p=92330"},"modified":"2023-08-03T11:48:42","modified_gmt":"2023-08-03T15:48:42","slug":"impossible-problem-meets-god-of-the-impossible","status":"publish","type":"post","link":"https:\/\/adra.ca\/fr\/stories\/impossible-problem-meets-god-of-the-impossible\/","title":{"rendered":"Un probl\u00e8me impossible rencontre Dieu de l&#039;impossible"},"content":{"rendered":"<p><span data-contrast=\"auto\">\u00c9lis\u00e9e \u00e9tait en voyage pastoral \u00e0 Guilgal, o\u00f9 il rendait visite \u00e0 100 proph\u00e8tes. La r\u00e9gion \u00e9tait en proie \u00e0 la famine. (2 Rois 4:38, NIV) La faim hantait les yeux du peuple. Les p\u00e8res craignaient pour leur famille et les m\u00e8res pleuraient la mis\u00e8re de leurs enfants.<\/span><span data-ccp-props=\"{\">&nbsp;<\/span><\/p>\n<p><span data-contrast=\"auto\">Quand un homme est venu avec des brass\u00e9es de pain et quelques \u00e9pis de c\u00e9r\u00e9ales, \u00c9lis\u00e9e savait quoi faire.&nbsp;<\/span><span data-ccp-props=\"{\">&nbsp;<\/span><\/p>\n<p><span data-contrast=\"auto\">La faim continue de ronger des familles. L&#039;histoire d&#039;\u00c9lis\u00e9e ne concernait qu&#039;une seule r\u00e9gion. Nous savons que la faim est pr\u00e9sente partout dans le monde. Au cours des deux derni\u00e8res d\u00e9cennies, d&#039;importants progr\u00e8s ont \u00e9t\u00e9 r\u00e9alis\u00e9s pour r\u00e9duire la faim dans le monde. Cependant, ces derni\u00e8res ann\u00e9es, nous avons r\u00e9gress\u00e9, au bord d&#039;une crise alimentaire sans pr\u00e9c\u00e9dent.&nbsp;<\/span><span data-ccp-props=\"{\">&nbsp;<\/span><\/p>\n<p><span data-contrast=\"auto\">Le Programme alimentaire mondial estime que 345 millions de personnes dans 82 pays souffriront de la faim en 2022.<\/span><span data-contrast=\"auto\"> Ces personnes sont confront\u00e9es \u00e0 des d\u00e9cisions difficiles et souvent d\u00e9chirantes dans leur lutte pour mettre de la nourriture sur la table.&nbsp;<\/span><span data-ccp-props=\"{\">&nbsp;<\/span><\/p>\n<div style=\"text-align:center;\"><span class=\"fusion-imageframe imageframe-none imageframe-60 hover-type-none\"><img fetchpriority=\"high\" decoding=\"async\" width=\"940\" height=\"788\" src=\"https:\/\/devsite.adra.ca\/wp-content\/uploads\/2022\/09\/1.png\" alt=\"\" class=\"img-responsive wp-image-81853\" srcset=\"https:\/\/www.adra.ca\/wp-content\/uploads\/2022\/10\/1-200x168.png 200w, https:\/\/www.adra.ca\/wp-content\/uploads\/2022\/10\/1-400x335.png 400w, https:\/\/www.adra.ca\/wp-content\/uploads\/2022\/10\/1-600x503.png 600w, https:\/\/www.adra.ca\/wp-content\/uploads\/2022\/10\/1-800x671.png 800w, https:\/\/devsite.adra.ca\/wp-content\/uploads\/2022\/09\/1.png 940w\" sizes=\"(max-width: 1032px) 100vw, (max-width: 525px) 100vw, 940px\"><\/span><\/div>\n<p><span data-contrast=\"auto\">Peter Lorunye Gogong conna\u00eet ces luttes. Il vit dans le comt\u00e9 de Turkana au nord du Kenya, une r\u00e9gion aride o\u00f9 les gens sont principalement des \u00e9leveurs. Peter comptait sur ses animaux pour nourrir sa famille et vendre des produits laitiers et des animaux. A 52 ans, Peter doit entretenir 17 enfants et trois \u00e9pouses. La vie d&#039;un berger n&#039;est jamais facile. Cependant, les r\u00e9centes ann\u00e9es de s\u00e9cheresses successives ont diminu\u00e9 les troupeaux et gaspill\u00e9 les animaux survivants, r\u00e9duisant leur production de lait et leur valeur sur le march\u00e9.<\/span><span data-ccp-props=\"{\">&nbsp;<\/span><\/p>\n<p><span data-contrast=\"auto\">Une catastrophe a frapp\u00e9 la famille de Peter en 2012. Un groupe de bandits a emmen\u00e9 son b\u00e9tail \u2013 son seul moyen de subsistance. Il a migr\u00e9 vers une ville \u00e0 50 kilom\u00e8tres de l\u00e0, \u00e0 la recherche d&#039;une autre source de revenus. Cependant, les options \u00e9taient rares et insuffisantes. Pendant des ann\u00e9es, Peter a d\u00fb compter sur la bonne volont\u00e9 de ses voisins et l&#039;aide du gouvernement pour survivre. Malgr\u00e9 cela, sa famille s&#039;est couch\u00e9e le ventre vide, incertaine de l&#039;heure du prochain repas.<\/span><span data-ccp-props=\"{\">&nbsp;<\/span><\/p>\n<p><span data-contrast=\"auto\">S&#039;appuyer sur la bonne volont\u00e9 des autres et se tourner vers le soutien du gouvernement ne sont que quelques-unes des fa\u00e7ons dont les familles font face \u00e0 la faim. Ils r\u00e9duisent \u00e9galement le nombre de repas par jour. Cela peut avoir des effets d\u00e9vastateurs tout au long de la vie sur les enfants et les femmes enceintes et allaitantes. Les familles risquent les facteurs de stress et les pr\u00e9dateurs de la dette. Les enfants abandonnent l&#039;\u00e9cole pour travailler. Les filles se marient beaucoup trop jeunes pour obtenir une aide financi\u00e8re gr\u00e2ce \u00e0 leur dot. Les familles se s\u00e9parent lorsque les membres migrent \u00e0 la recherche de p\u00e2turages ou de travail. Le plus affligeant, la dignit\u00e9 et les droits humains sont bafou\u00e9s alors que les familles font ce qu&#039;elles doivent pour survivre.<\/span><span data-ccp-props=\"{\">&nbsp;<\/span><\/p>\n<div style=\"text-align:center;\"><span class=\"fusion-imageframe imageframe-none imageframe-61 hover-type-none\"><img decoding=\"async\" width=\"940\" height=\"788\" data-src=\"https:\/\/devsite.adra.ca\/wp-content\/uploads\/2022\/09\/2.png\" alt=\"\" class=\"img-responsive wp-image-81854 lazyload\" data-srcset=\"https:\/\/www.adra.ca\/wp-content\/uploads\/2022\/10\/2-200x168.png 200w, https:\/\/www.adra.ca\/wp-content\/uploads\/2022\/10\/2-400x335.png 400w, https:\/\/www.adra.ca\/wp-content\/uploads\/2022\/10\/2-600x503.png 600w, https:\/\/www.adra.ca\/wp-content\/uploads\/2022\/10\/2-800x671.png 800w, https:\/\/devsite.adra.ca\/wp-content\/uploads\/2022\/09\/2.png 940w\" data-sizes=\"(max-width: 1032px) 100vw, (max-width: 525px) 100vw, 940px\" src=\"data:image\/svg+xml;base64,PHN2ZyB3aWR0aD0iMSIgaGVpZ2h0PSIxIiB4bWxucz0iaHR0cDovL3d3dy53My5vcmcvMjAwMC9zdmciPjwvc3ZnPg==\" style=\"--smush-placeholder-width: 940px; --smush-placeholder-aspect-ratio: 940\/788;\"><\/span><\/div>\n<p><span data-contrast=\"auto\">Qu&#039;est-ce qui motive cette crise de la faim alarmante ? Les raisons sont multiples et enchev\u00eatr\u00e9es. Cependant, les principaux moteurs peuvent \u00eatre r\u00e9sum\u00e9s comme le changement climatique, les conflits et la pand\u00e9mie de COVID-19 et la hausse de l&#039;inflation qui en r\u00e9sulte.<\/span><\/p>\n<p><span data-contrast=\"auto\">La crise de la faim est maintenant et elle ne fera que s&#039;aggraver si nous ne faisons rien.&nbsp;<\/span><span data-ccp-props=\"{\">&nbsp;<\/span><\/p>\n<p><span data-contrast=\"auto\">Que pouvons-nous faire pour soulager la situation d\u00e8s maintenant tout en r\u00e9duisant les causes du probl\u00e8me\u00a0? Il est tentant d&#039;adopter une vision fataliste du monde, une sombre r\u00e9signation \u00e0 penser que les pauvres seront toujours parmi nous et que la souffrance ne fera qu&#039;augmenter \u00e0 mesure que la fin du monde approche.<\/span><span data-ccp-props=\"{\">&nbsp;<\/span><\/p>\n<p><span data-contrast=\"auto\">Mais quand on regarde \u00c9lis\u00e9e, on voit qu&#039;il ne doutait pas de pouvoir faire la diff\u00e9rence. Apr\u00e8s avoir re\u00e7u de la nourriture, il ordonna \u00e0 son serviteur\u00a0: <em>\u00ab Donne-le aux gens \u00e0 manger. \u00bb&nbsp;&nbsp;<\/em><\/span><em>&nbsp;<\/em><\/p>\n<p><span data-contrast=\"auto\">Son serviteur \u00e9tait constern\u00e9. Le cadeau \u00e9tait certes g\u00e9n\u00e9reux, mais insuffisant.&nbsp;<\/span><span data-ccp-props=\"{\">&nbsp;<\/span><\/p>\n<p><span data-contrast=\"auto\"><em>\u00ab Comment puis-je pr\u00e9senter cela \u00e0 cent hommes ? \u00bb<\/em> protesta-t-il.&nbsp;<\/span><span data-ccp-props=\"{\">&nbsp;<\/span><\/p>\n<p><span data-contrast=\"auto\"><em>\u00ab Donne-le au peuple \u00e0 manger. Car ainsi parle l&#039;\u00c9ternel : Ils mangeront et il en restera. \u00bb&nbsp;<\/em><\/span><em>&nbsp;<\/em><\/p>\n<p><span data-contrast=\"auto\">La servante finit par ob\u00e9ir. <em>\u00ab Il le leur servit, et ils mang\u00e8rent, et il en resta, selon la parole de l\u2019\u00c9ternel. \u00bb<\/em> (2 Rois 4:42-44, NIV)<\/span><span data-ccp-props=\"{\">&nbsp;<\/span><\/p>\n<div style=\"text-align:center;\"><span class=\"fusion-imageframe imageframe-none imageframe-62 hover-type-none\"><img decoding=\"async\" width=\"940\" height=\"788\" data-src=\"https:\/\/devsite.adra.ca\/wp-content\/uploads\/2022\/09\/3.png\" alt=\"\" class=\"img-responsive wp-image-81855 lazyload\" data-srcset=\"https:\/\/www.adra.ca\/wp-content\/uploads\/2022\/10\/3-200x168.png 200w, https:\/\/www.adra.ca\/wp-content\/uploads\/2022\/10\/3-400x335.png 400w, https:\/\/www.adra.ca\/wp-content\/uploads\/2022\/10\/3-600x503.png 600w, https:\/\/www.adra.ca\/wp-content\/uploads\/2022\/10\/3-800x671.png 800w, https:\/\/devsite.adra.ca\/wp-content\/uploads\/2022\/09\/3.png 940w\" data-sizes=\"(max-width: 1032px) 100vw, (max-width: 525px) 100vw, 940px\" src=\"data:image\/svg+xml;base64,PHN2ZyB3aWR0aD0iMSIgaGVpZ2h0PSIxIiB4bWxucz0iaHR0cDovL3d3dy53My5vcmcvMjAwMC9zdmciPjwvc3ZnPg==\" style=\"--smush-placeholder-width: 940px; --smush-placeholder-aspect-ratio: 940\/788;\"><\/span><\/div>\n<p><span data-contrast=\"auto\">Dieu nous dit aussi de <em>\u00ab Donne \u00e0 manger au peuple. \u00bb<\/em> Comme le serviteur d&#039;\u00c9lis\u00e9e, nous contemplons la maigre offrande que nous avons entre les mains et doutons. Le commandement de Dieu de nourrir les affam\u00e9s semble impossible \u00e0 respecter. Mais c&#039;est parce que nous nous concentrons sur l&#039;ampleur du probl\u00e8me. \u00c9lis\u00e9e nous enseigne \u00e0 nous concentrer sur l&#039;ampleur de Dieu. Oui, il est impossible que nos maigres ressources r\u00e9solvent ce probl\u00e8me. Mais nous servons le Dieu des merveilles qui accomplit sans cesse l&#039;impossible. Il nous demande de faire tout ce que nous pouvons et de le regarder faire le reste. <\/span><span data-ccp-props=\"{\">&nbsp;<\/span><\/p>\n<p><span data-contrast=\"auto\"><em>\u00ab C&#039;est la gr\u00e2ce de Dieu sur la petite portion qui la rend enti\u00e8rement suffisante. \u00bb<\/em> \u00e9crit Ellen White. <em>\u00ab La main de Dieu peut la multiplier au centuple. \u2026 Par le toucher de sa main, il peut augmenter la maigre provision et la rendre suffisante pour tous. \u00bb<\/em><\/span><\/p>\n<p><span data-contrast=\"auto\">Non, \u00e7a n&#039;a aucun sens. L&#039;impossible n&#039;a jamais de sens. Mais nous servons un Dieu incroyable. Il nous demande d&#039;ob\u00e9ir et de lui faire confiance.&nbsp;<\/span><span data-ccp-props=\"{\">&nbsp;<\/span><\/p>\n<p><span data-contrast=\"auto\">Trop souvent, on se contente de dire, <em>&quot;JE <\/em><\/span><em>devrait<\/em><span data-contrast=\"auto\"><em> ob\u00e9ir et faire davantage confiance\u2026 \u00bb<\/em> Plut\u00f4t que d&#039;ouvrir la porte aux \u00ab\u00a0devrait\u00a0\u00bb, accueillons plut\u00f4t les \u00ab\u00a0imagine\u00a0\u00bb. Par exemple, \u00ab\u00a0<\/span><i><span data-contrast=\"auto\">Imaginer<\/span><\/i><span data-contrast=\"auto\"> \u00ab Que fera Dieu de mon don\u00a0! Peut-\u00eatre l\u2019\u00e9tendra-t-il comme les pains et les poissons\u2026 \u00bb<\/span><span data-ccp-props=\"{\">&nbsp;<\/span><\/p>\n<p><span data-contrast=\"auto\">En fait, ADRA Canada voit ce miracle se produire gr\u00e2ce \u00e0 son partenariat avec la Canadian Foodgrains Bank (CFGB). Chez CFGB, nos dollars sont multipli\u00e9s, parfois jusqu&#039;\u00e0 10 fois. Par exemple, un nouveau projet financ\u00e9 par le CFGB a \u00e9t\u00e9 lanc\u00e9 en Ukraine pour r\u00e9duire la faim caus\u00e9e par le conflit. ADRA Canada a contribu\u00e9 $250,000 au projet. Gr\u00e2ce aux contributions du CFGB et de ses membres, le projet d\u00e9passe $2,5 millions !&nbsp;<\/span><span data-ccp-props=\"{\">&nbsp;<\/span><\/p>\n<p><span data-contrast=\"auto\">Avec le CFGB, nous luttons contre la faim dans le monde. Gr\u00e2ce \u00e0 14 projets de s\u00e9curit\u00e9 alimentaire en Europe, au Moyen-Orient, en Afrique, en Asie et en Am\u00e9rique du Sud, nous aidons 110\u00a0584 personnes et leurs familles.<\/span><span data-ccp-props=\"{\">&nbsp;<\/span><\/p>\n<p><span data-contrast=\"auto\">Dans le nord du Kenya, nos projets apportent une aide humanitaire imm\u00e9diate sous forme d&#039;aide financi\u00e8re. Mais nous anticipons \u00e9galement l&#039;avenir en renfor\u00e7ant la r\u00e9silience des familles face aux al\u00e9as climatiques et aux chocs \u00e9conomiques. Les \u00e9leveurs apprennent \u00e0 reconqu\u00e9rir des terres surp\u00e2tur\u00e9es et br\u00fbl\u00e9es par la s\u00e9cheresse. Des champs autrefois inexploit\u00e9s nourrissent d\u00e9sormais les troupeaux, fournissent du fourrage pour les saisons s\u00e8ches et augmentent les revenus des familles gr\u00e2ce \u00e0 la vente de produits laitiers de meilleure qualit\u00e9 et \u00e0 la vente d&#039;animaux en meilleure sant\u00e9.&nbsp;<\/span><span data-ccp-props=\"{\">&nbsp;<\/span><\/p>\n<div style=\"text-align:center;\"><span class=\"fusion-imageframe imageframe-none imageframe-63 hover-type-none\"><img decoding=\"async\" width=\"940\" height=\"788\" data-src=\"https:\/\/devsite.adra.ca\/wp-content\/uploads\/2022\/09\/4.png\" alt=\"\" class=\"img-responsive wp-image-81856 lazyload\" data-srcset=\"https:\/\/www.adra.ca\/wp-content\/uploads\/2022\/10\/4-200x168.png 200w, https:\/\/www.adra.ca\/wp-content\/uploads\/2022\/10\/4-400x335.png 400w, https:\/\/www.adra.ca\/wp-content\/uploads\/2022\/10\/4-600x503.png 600w, https:\/\/www.adra.ca\/wp-content\/uploads\/2022\/10\/4-800x671.png 800w, https:\/\/devsite.adra.ca\/wp-content\/uploads\/2022\/09\/4.png 940w\" data-sizes=\"(max-width: 1032px) 100vw, (max-width: 525px) 100vw, 940px\" src=\"data:image\/svg+xml;base64,PHN2ZyB3aWR0aD0iMSIgaGVpZ2h0PSIxIiB4bWxucz0iaHR0cDovL3d3dy53My5vcmcvMjAwMC9zdmciPjwvc3ZnPg==\" style=\"--smush-placeholder-width: 940px; --smush-placeholder-aspect-ratio: 940\/788;\"><\/span><\/div>\n<p><span data-contrast=\"auto\">Les gens apprennent \u00e9galement \u00e0 cultiver leur nourriture gr\u00e2ce \u00e0 des jardins potagers en utilisant des technologies durables qui conservent l&#039;eau, nourrissent le sol et fournissent des r\u00e9coltes abondantes \u00e0 partir de semences r\u00e9sistantes \u00e0 la s\u00e9cheresse.&nbsp;<\/span><span data-ccp-props=\"{\">&nbsp;<\/span><\/p>\n<p><span data-contrast=\"auto\">Peter a particip\u00e9 \u00e0 ces projets. Il a subvenu aux besoins imm\u00e9diats de sa famille en nourriture, m\u00e9dicaments et autres produits de premi\u00e8re n\u00e9cessit\u00e9 gr\u00e2ce \u00e0 une aide humanitaire en esp\u00e8ces. Bien qu&#039;il n&#039;ait pas re\u00e7u d&#039;\u00e9ducation formelle, Peter est convaincu de son importance. Il a donc utilis\u00e9 une partie de cet argent pour scolariser ses enfants. <\/span><span data-ccp-props=\"{\">&nbsp;<\/span><\/p>\n<p><span data-contrast=\"auto\">Le potager de Peter nourrit d\u00e9sormais sa famille nombreuse et g\u00e9n\u00e8re des revenus gr\u00e2ce \u00e0 la vente du surplus au march\u00e9. Peter est convaincu qu&#039;il pourra continuer \u00e0 subvenir aux besoins de sa famille gr\u00e2ce \u00e0 son potager, m\u00eame apr\u00e8s la fin de l&#039;aide financi\u00e8re.<\/span><span data-ccp-props=\"{\">&nbsp;<\/span><\/p>\n<p><span data-contrast=\"auto\">Gr\u00e2ce \u00e0 notre partenariat avec CFGB et vous, ceux qui souffrent de la faim peuvent manger tout en travaillant avec nous pour b\u00e2tir un avenir plus solide et plus s\u00fbr sur le plan alimentaire.&nbsp;<\/span><span data-ccp-props=\"{\">&nbsp;<\/span><\/p>\n<p><span data-contrast=\"auto\">La faim dans le monde est un probl\u00e8me grave. Mais ne nous concentrons pas uniquement sur son ampleur. Concentrons-nous sur l&#039;ampleur de notre Dieu\u00a0! Faisons tout notre possible et faisons confiance \u00e0 Dieu pour le reste. Imaginons comment Dieu va accomplir des merveilles gr\u00e2ce aux dons que nous lui faisons.<\/span><span data-ccp-props=\"{\">&nbsp;<\/span><\/p>\n<p><em>\u00ab Les provisions qu\u2019ils ont entre les mains peuvent sembler insuffisantes pour r\u00e9pondre aux besoins ; mais entre les mains du Seigneur, elles s\u2019av\u00e9reront plus que suffisantes\u2026 Le don qu\u2019on lui apporte avec des actions de gr\u00e2ces et avec des pri\u00e8res pour sa b\u00e9n\u00e9diction, il le multipliera comme il a multipli\u00e9 la nourriture donn\u00e9e aux fils des proph\u00e8tes et \u00e0 la multitude fatigu\u00e9e. \u00bb<\/em><\/p>","protected":false},"excerpt":{"rendered":"<p>\u00c9lis\u00e9e \u00e9tait en voyage minist\u00e9riel \u00e0 Guilgal, visitant 100 proph\u00e8tes. La r\u00e9gion \u00e9tait en proie \u00e0 la famine. (2 Rois 4:38, NIV) La faim hantait les yeux du peuple. Les p\u00e8res craignaient pour leur famille et les m\u00e8res pleuraient la mis\u00e8re de leurs enfants. Quand un homme est venu avec des brass\u00e9es de pain et quelques \u00e9pis de c\u00e9r\u00e9ales, \u00c9lis\u00e9e savait quoi \u2026 lire la suite<\/p>","protected":false},"author":10,"featured_media":92174,"comment_status":"close","ping_status":"open","sticky":false,"template":"","format":"standard","meta":{"wds_primary_category":19,"footnotes":""},"categories":[19],"tags":[106,110,145],"class_list":["post-92330","post","type-post","status-publish","format-standard","has-post-thumbnail","hentry","category-stories","tag-emergency-response","tag-kenya","tag-news-and-stories"],"_links":{"self":[{"href":"https:\/\/adra.ca\/fr\/wp-json\/wp\/v2\/posts\/92330","targetHints":{"allow":["GET"]}}],"collection":[{"href":"https:\/\/adra.ca\/fr\/wp-json\/wp\/v2\/posts"}],"about":[{"href":"https:\/\/adra.ca\/fr\/wp-json\/wp\/v2\/types\/post"}],"author":[{"embeddable":true,"href":"https:\/\/adra.ca\/fr\/wp-json\/wp\/v2\/users\/10"}],"replies":[{"embeddable":true,"href":"https:\/\/adra.ca\/fr\/wp-json\/wp\/v2\/comments?post=92330"}],"version-history":[{"count":0,"href":"https:\/\/adra.ca\/fr\/wp-json\/wp\/v2\/posts\/92330\/revisions"}],"wp:featuredmedia":[{"embeddable":true,"href":"https:\/\/adra.ca\/fr\/wp-json\/wp\/v2\/media\/92174"}],"wp:attachment":[{"href":"https:\/\/adra.ca\/fr\/wp-json\/wp\/v2\/media?parent=92330"}],"wp:term":[{"taxonomy":"category","embeddable":true,"href":"https:\/\/adra.ca\/fr\/wp-json\/wp\/v2\/categories?post=92330"},{"taxonomy":"post_tag","embeddable":true,"href":"https:\/\/adra.ca\/fr\/wp-json\/wp\/v2\/tags?post=92330"}],"curies":[{"name":"wp","href":"https:\/\/api.w.org\/{rel}","templated":true}]}}