{"id":92351,"date":"2022-07-01T01:00:53","date_gmt":"2022-07-01T05:00:53","guid":{"rendered":"https:\/\/devsite.adra.ca\/?p=92351"},"modified":"2023-08-02T19:45:56","modified_gmt":"2023-08-02T23:45:56","slug":"a-bright-er-tomorrow-in-niger","status":"publish","type":"post","link":"https:\/\/adra.ca\/fr\/stories\/a-bright-er-tomorrow-in-niger\/","title":{"rendered":"Un avenir BRILLANT au Niger"},"content":{"rendered":"<h3>Combien vaut une formation pour vous ? D\u00e9fierais-tu ta famille d&#039;aller \u00e0 l&#039;\u00e9cole ? Iriez-vous \u00e0 contre-courant des attentes sociales pour r\u00e9aliser votre r\u00eave ?<\/h3>\n<div style=\"text-align:center;\"><span class=\"fusion-imageframe imageframe-none imageframe-69 hover-type-none\"><img fetchpriority=\"high\" decoding=\"async\" width=\"1024\" height=\"768\" title=\"A\u00efchatou Adamou \u00e0 l&#039;ardoise\" src=\"https:\/\/devsite.adra.ca\/wp-content\/uploads\/2022\/07\/Aichatou-Adamou-at-the-Chalkboard.png\" alt class=\"img-responsive wp-image-77480\" srcset=\"https:\/\/www.adra.ca\/wp-content\/uploads\/2022\/06\/Aichatou-Adamou-at-the-Chalkboard-200x150.png 200w, https:\/\/www.adra.ca\/wp-content\/uploads\/2022\/06\/Aichatou-Adamou-at-the-Chalkboard-400x300.png 400w, https:\/\/www.adra.ca\/wp-content\/uploads\/2022\/06\/Aichatou-Adamou-at-the-Chalkboard-600x450.png 600w, https:\/\/www.adra.ca\/wp-content\/uploads\/2022\/06\/Aichatou-Adamou-at-the-Chalkboard-800x600.png 800w, https:\/\/devsite.adra.ca\/wp-content\/uploads\/2022\/07\/Aichatou-Adamou-at-the-Chalkboard.png 1024w\" sizes=\"(max-width: 1032px) 100vw, (max-width: 525px) 100vw, 1024px\" \/><\/span><\/div>\n<h5 style=\"text-align: center;\">A\u00efchatou Adamou \u00e9crivant au tableau<\/h5>\n<h2><span style=\"color: #007b5f;\"><strong>L\u2019\u00e9ducation pour assurer l\u2019ind\u00e9pendance \u2013 A<\/strong><strong>L&#039;histoire d&#039;Ichatou<\/strong><\/span><\/h2>\n<p>A\u00efchatou Adamou va \u00e0 contre-courant avec le fort soutien de sa m\u00e8re, Zeinabou. Pour A\u00efchatou, le r\u00eave, c&#039;est l&#039;ind\u00e9pendance, et l&#039;\u00e9ducation est le moyen de l&#039;obtenir.<\/p>\n<p>A\u00efchatou vit dans une zone rurale du Niger o\u00f9 les obstacles \u00e0 l&#039;\u00e9ducation sont nombreux. Les distances longues et potentiellement dangereuses jusqu&#039;aux \u00e9coles d\u00e9couragent les parents d&#039;envoyer leurs enfants. Le manque de soutien aux \u00e9coles, ainsi que de fournitures pour les \u00e9l\u00e8ves, entrave la fr\u00e9quentation. En raison de la pauvret\u00e9, les enfants sont souvent n\u00e9cessaires pour subvenir aux besoins de leur famille, ce qui les am\u00e8ne \u00e0 quitter l&#039;\u00e9cole tr\u00e8s jeune.<\/p>\n<p>Pour les filles, la complexit\u00e9 est encore plus grande. Les normes de genre et les attentes familiales et sociales ne valorisent pas l\u2019\u00e9ducation des filles. Au lieu de cela, les filles sont oblig\u00e9es de se marier jeunes et de compter sur leur mari.<\/p>\n<p>Pourtant, nombre de ces enfants, ainsi que certains membres de leur famille et de leur communaut\u00e9, aspirent \u00e0 une vie meilleure. L\u2019\u00e9ducation est un moyen \u00e9prouv\u00e9 de briser le cycle de la pauvret\u00e9 et de la perp\u00e9tuation de l\u2019injustice. Gr\u00e2ce au projet BRIGHT, financ\u00e9 par le gouvernement du Canada, ADRA s&#039;est associ\u00e9e \u00e0 des communaut\u00e9s du Niger, du Soudan et du Myanmar pour rendre l&#039;\u00e9ducation plus accessible aux enfants. BRIGHT change la perception de la valeur de l&#039;\u00e9ducation, garantissant ainsi que davantage d&#039;enfants \u2013 en particulier de filles \u2013 aillent \u00e0 l&#039;\u00e9cole. Il renforce \u00e9galement les capacit\u00e9s des enseignants et offre un soutien aux \u00e9coles.<\/p>\n<div style=\"text-align:center;\"><span class=\"fusion-imageframe imageframe-none imageframe-70 hover-type-none\"><img decoding=\"async\" width=\"1024\" height=\"768\" title=\"A\u00efchatou Adamou \u00e0 son bureau\" data-src=\"https:\/\/devsite.adra.ca\/wp-content\/uploads\/2022\/07\/Aichatou-Adamou-at-her-desk.png\" alt class=\"img-responsive wp-image-77479 lazyload\" data-srcset=\"https:\/\/www.adra.ca\/wp-content\/uploads\/2022\/06\/Aichatou-Adamou-at-her-desk-200x150.png 200w, https:\/\/www.adra.ca\/wp-content\/uploads\/2022\/06\/Aichatou-Adamou-at-her-desk-400x300.png 400w, https:\/\/www.adra.ca\/wp-content\/uploads\/2022\/06\/Aichatou-Adamou-at-her-desk-600x450.png 600w, https:\/\/www.adra.ca\/wp-content\/uploads\/2022\/06\/Aichatou-Adamou-at-her-desk-800x600.png 800w, https:\/\/devsite.adra.ca\/wp-content\/uploads\/2022\/07\/Aichatou-Adamou-at-her-desk.png 1024w\" data-sizes=\"(max-width: 1032px) 100vw, (max-width: 525px) 100vw, 1024px\" src=\"data:image\/svg+xml;base64,PHN2ZyB3aWR0aD0iMSIgaGVpZ2h0PSIxIiB4bWxucz0iaHR0cDovL3d3dy53My5vcmcvMjAwMC9zdmciPjwvc3ZnPg==\" style=\"--smush-placeholder-width: 1024px; --smush-placeholder-aspect-ratio: 1024\/768;\" \/><\/span><\/div>\n<h5 style=\"text-align: center;\">A\u00efchatou Adamou \u00e0 son bureau<\/h5>\n<p>A 15 ans, A\u00efchatou n&#039;a qu&#039;un dipl\u00f4me de troisi\u00e8me ann\u00e9e. Cinqui\u00e8me d&#039;une famille de huit enfants, elle a d\u00fb abandonner l&#039;\u00e9cole pour aider sa famille en vendant du couscous de riz et des cacahu\u00e8tes au march\u00e9.<\/p>\n<p>Lorsque BRIGHT est arriv\u00e9e dans la communaut\u00e9 d&#039;A\u00efchatou, elle a vu une opportunit\u00e9 pour quelque chose de mieux. Elle s&#039;est inscrite au programme d&#039;apprentissage acc\u00e9l\u00e9r\u00e9 BRIGHT, qui lui permettra de terminer ses \u00e9tudes primaires en deux ans.<\/p>\n<p>\u00ab Personne n&#039;est parfait \u00bb, partage son professeur, Mme Seyni. \u00ab Mais elle fait de son mieux, elle travaille dur. Elle rappelle aux autres \u00e9l\u00e8ves d&#039;\u00eatre respectueux envers le professeur. Et si elle voit qu&#039;un camarade de classe n&#039;a pas quelque chose, m\u00eame si c&#039;est un stylo, m\u00eame si c&#039;est le seul qu&#039;elle ait, elle le donne \u00e0 celui qui en a besoin. J\u2019appr\u00e9cie \u00e7a chez elle.<\/p>\n<p>Mais \u00e0 l&#039;\u00e9cole, les d\u00e9fis d&#039;A\u00efchatou ne sont pas termin\u00e9s. Son p\u00e8re s&#039;oppose \u00e0 ce qu&#039;elle retourne \u00e0 l&#039;\u00e9cole et elle risque sa col\u00e8re en poursuivant cette voie. Mais Zeinabou, qui croit beaucoup \u00e0 l&#039;\u00e9ducation et souhaite que sa fille soit ind\u00e9pendante, couvre A\u00efchatou. Parfois, lorsque les besoins financiers de sa famille sont grands, A\u00efchatou doit s&#039;absenter de l&#039;\u00e9cole pour vendre des denr\u00e9es alimentaires au march\u00e9. De plus, elle souffre de probl\u00e8mes oculaires.<\/p>\n<p>Pourtant, A\u00efchatou pers\u00e9v\u00e8re dans son r\u00eave d\u2019ind\u00e9pendance. Pour elle, cela vaut la peine de faire des \u00e9tudes. Elle souhaite subvenir \u00e0 ses besoins gr\u00e2ce \u00e0 sa propre entreprise de couturi\u00e8re. Elle croit que savoir lire et \u00e9crire, ainsi que des comp\u00e9tences en calcul, l\u2019aideront \u00e0 r\u00e9ussir.<\/p>\n<h2><span style=\"color: #007b5f;\"><strong>Une femme m\u00e9canicienne \u2013 L&#039;histoire de Farida<\/strong><\/span><\/h2>\n<p>A\u00efchatou n&#039;est pas la seule fille \u00e0 avoir de grands r\u00eaves et une forte volont\u00e9 de les r\u00e9aliser.<\/p>\n<p>Farida a 18 ans, mais n&#039;a qu&#039;un 6<sup>\u00e8me<\/sup> \u00e9ducation de qualit\u00e9. Des difficult\u00e9s \u00e0 l&#039;\u00e9cole ont conduit \u00e0 ses mauvais r\u00e9sultats, il a donc \u00e9t\u00e9 d\u00e9cid\u00e9 pour elle d&#039;abandonner.<\/p>\n<p>\u00abJe n&#039;aimais plus l&#039;\u00e9cole\u00bb, confiait-elle.<\/p>\n<p>Lorsque BRIGHT est arriv\u00e9e dans sa communaut\u00e9, Farida a saut\u00e9 sur l&#039;occasion. Plut\u00f4t que de rejoindre la fili\u00e8re d&#039;apprentissage acc\u00e9l\u00e9r\u00e9, Farida a opt\u00e9 pour la fili\u00e8re de l&#039;\u00e9cole professionnelle. Contrairement aux attentes, Farida ne voulait pas devenir cuisini\u00e8re ou couturi\u00e8re, deux vocations largement consid\u00e9r\u00e9es comme acceptables pour les femmes. Au lieu de cela, \u00e0 la grande opposition de sa famille, Farida a poursuivi une carri\u00e8re de m\u00e9canicienne rurale.<\/p>\n<div style=\"text-align:center;\"><span class=\"fusion-imageframe imageframe-none imageframe-71 hover-type-none\"><img decoding=\"async\" width=\"1024\" height=\"768\" title=\"Farida avec ses anciens pairs m\u00e9caniciens\" data-src=\"https:\/\/devsite.adra.ca\/wp-content\/uploads\/2022\/07\/Farida-with-her-former-mechanic-peers.png\" alt class=\"img-responsive wp-image-77481 lazyload\" data-srcset=\"https:\/\/www.adra.ca\/wp-content\/uploads\/2022\/06\/Farida-with-her-former-mechanic-peers-200x150.png 200w, https:\/\/www.adra.ca\/wp-content\/uploads\/2022\/06\/Farida-with-her-former-mechanic-peers-400x300.png 400w, https:\/\/www.adra.ca\/wp-content\/uploads\/2022\/06\/Farida-with-her-former-mechanic-peers-600x450.png 600w, https:\/\/www.adra.ca\/wp-content\/uploads\/2022\/06\/Farida-with-her-former-mechanic-peers-800x600.png 800w, https:\/\/devsite.adra.ca\/wp-content\/uploads\/2022\/07\/Farida-with-her-former-mechanic-peers.png 1024w\" data-sizes=\"(max-width: 1032px) 100vw, (max-width: 525px) 100vw, 1024px\" src=\"data:image\/svg+xml;base64,PHN2ZyB3aWR0aD0iMSIgaGVpZ2h0PSIxIiB4bWxucz0iaHR0cDovL3d3dy53My5vcmcvMjAwMC9zdmciPjwvc3ZnPg==\" style=\"--smush-placeholder-width: 1024px; --smush-placeholder-aspect-ratio: 1024\/768;\" \/><\/span><\/div>\n<h5 style=\"text-align: center;\">Farida avec ses anciens pairs m\u00e9caniciens<\/h5>\n<p>Farida s&#039;est inscrite \u00e0 l&#039;\u00e9cole professionnelle locale qui avait re\u00e7u un soutien mat\u00e9riel du projet BRIGHT. Elle n\u2019\u00e9tait pas intimid\u00e9e \u00e0 l\u2019id\u00e9e d\u2019\u00eatre la seule fille de sa classe. Elle avait en vue le prix de l\u2019ind\u00e9pendance gr\u00e2ce \u00e0 sa future entreprise de m\u00e9canicienne rurale. Dans la r\u00e9gion de Farida, les m\u00e9caniciens ruraux sont rares. Cette raret\u00e9 signifie que si un m\u00e9canicien rural s\u2019installait, les opportunit\u00e9s commerciales seraient nombreuses. Farida savait que le nombre de r\u00e9parations de motos, de g\u00e9n\u00e9rateurs et de motopompes \u2013 qui sont largement utilis\u00e9es pour le jardinage \u2013 lui permettrait de maintenir son activit\u00e9.<\/p>\n<p>Malheureusement, le courage et la d\u00e9termination de Farida n&#039;\u00e9taient pas \u00e0 la hauteur de l&#039;opposition de sa famille. Sans aucun d\u00e9fenseur parmi ses proches pour lui offrir son soutien, Farida a succomb\u00e9 d\u2019un air maussade. Heureusement, elle n\u2019a pas subi de pression pour abandonner compl\u00e8tement ses \u00e9tudes professionnelles. M\u00eame si elle suit d\u00e9sormais la fili\u00e8re plus traditionnelle de couturi\u00e8re, elle ch\u00e9rit toujours son r\u00eave de devenir m\u00e9canicienne.<\/p>\n<div style=\"text-align:center;\"><span class=\"fusion-imageframe imageframe-none imageframe-72 hover-type-none\"><img decoding=\"async\" width=\"1024\" height=\"768\" title=\"Les nouveaux pairs de Farida s&#039;entra\u00eenant pendant la pause\" data-src=\"https:\/\/devsite.adra.ca\/wp-content\/uploads\/2022\/07\/Faridas-new-peers-practising-during-break-time.png\" alt class=\"img-responsive wp-image-77482 lazyload\" data-srcset=\"https:\/\/www.adra.ca\/wp-content\/uploads\/2022\/06\/Faridas-new-peers-practising-during-break-time-200x150.png 200w, https:\/\/www.adra.ca\/wp-content\/uploads\/2022\/06\/Faridas-new-peers-practising-during-break-time-400x300.png 400w, https:\/\/www.adra.ca\/wp-content\/uploads\/2022\/06\/Faridas-new-peers-practising-during-break-time-600x450.png 600w, https:\/\/www.adra.ca\/wp-content\/uploads\/2022\/06\/Faridas-new-peers-practising-during-break-time-800x600.png 800w, https:\/\/devsite.adra.ca\/wp-content\/uploads\/2022\/07\/Faridas-new-peers-practising-during-break-time.png 1024w\" data-sizes=\"(max-width: 1032px) 100vw, (max-width: 525px) 100vw, 1024px\" src=\"data:image\/svg+xml;base64,PHN2ZyB3aWR0aD0iMSIgaGVpZ2h0PSIxIiB4bWxucz0iaHR0cDovL3d3dy53My5vcmcvMjAwMC9zdmciPjwvc3ZnPg==\" style=\"--smush-placeholder-width: 1024px; --smush-placeholder-aspect-ratio: 1024\/768;\" \/><\/span><\/div>\n<h5 style=\"text-align: center;\">Les nouveaux pairs de Farida s&#039;entra\u00eenant pendant la pause<\/h5>\n<p>Farida regarde avec espoir les s\u00e9ances de sensibilisation qu&#039;ADRA m\u00e8ne dans les communaut\u00e9s pour transformer les c\u0153urs et les esprits concernant l&#039;\u00e9ducation et les opportunit\u00e9s des filles. La perception de ses pairs et de plusieurs parents n&#039;est pas diff\u00e9rente de la perception du genre des parents de Farida. BRIGHT travaille au sein des communaut\u00e9s pour \u00e9liminer les obstacles physiques, mentaux et comportementaux au potentiel des enfants, en particulier des filles. M\u00eame si Farida est reconnaissante du soutien mat\u00e9riel fourni par BRIGHT, elle esp\u00e8re sinc\u00e8rement que nombre de ses pairs b\u00e9n\u00e9ficieront des s\u00e9ances de sensibilisation du projet pour poursuivre la vocation dont ils r\u00eavent.<\/p>\n<h3><strong>Chaque enfant, partout, \u00e0 l&#039;\u00e9cole<\/strong><\/h3>\n<p>Partout dans le monde, les parents souhaitent que la vie de leurs enfants soit meilleure que la leur. Zeinabou soutient le chemin d&#039;A\u00efchatou vers l&#039;ind\u00e9pendance et les opportunit\u00e9s \u2013 ce que Zeinabou n&#039;a pas pu appr\u00e9cier. Les enfants d&#039;A\u00efchatou b\u00e9n\u00e9ficieront s\u00fbrement de ses choix. Peut-\u00eatre que Farida surmontera les obstacles sur son chemin. Peut-\u00eatre veillera-t-elle \u00e0 ce que ses enfants profitent des opportunit\u00e9s pour lesquelles elle a d\u00fb se battre durement.<\/p>\n<p>ADRA croit que chaque enfant, partout, a le droit d&#039;\u00eatre \u00e0 l&#039;\u00e9cole. Votre soutien aide les \u00e9tudiants \u00e0 r\u00e9aliser leurs r\u00eaves pour un avenir meilleur.<\/p>","protected":false},"excerpt":{"rendered":"<p>Combien vaut une formation pour vous ? D\u00e9fierais-tu ta famille d&#039;aller \u00e0 l&#039;\u00e9cole ? Iriez-vous \u00e0 contre-courant des attentes sociales pour r\u00e9aliser votre r\u00eave ? A\u00efchatou Adamou \u00e9crivant au tableau L&#039;\u00e9ducation \u00e0 l&#039;ind\u00e9pendance - L&#039;histoire d&#039;A\u00efchatou A\u00efchatou Adamou va contre \u2026 lire la suite<\/p>","protected":false},"author":10,"featured_media":92353,"comment_status":"close","ping_status":"open","sticky":false,"template":"","format":"standard","meta":{"wds_primary_category":19,"footnotes":""},"categories":[19],"tags":[118,117,145],"class_list":["post-92351","post","type-post","status-publish","format-standard","has-post-thumbnail","hentry","category-stories","tag-education","tag-messenger","tag-news-and-stories"],"_links":{"self":[{"href":"https:\/\/adra.ca\/fr\/wp-json\/wp\/v2\/posts\/92351","targetHints":{"allow":["GET"]}}],"collection":[{"href":"https:\/\/adra.ca\/fr\/wp-json\/wp\/v2\/posts"}],"about":[{"href":"https:\/\/adra.ca\/fr\/wp-json\/wp\/v2\/types\/post"}],"author":[{"embeddable":true,"href":"https:\/\/adra.ca\/fr\/wp-json\/wp\/v2\/users\/10"}],"replies":[{"embeddable":true,"href":"https:\/\/adra.ca\/fr\/wp-json\/wp\/v2\/comments?post=92351"}],"version-history":[{"count":0,"href":"https:\/\/adra.ca\/fr\/wp-json\/wp\/v2\/posts\/92351\/revisions"}],"wp:featuredmedia":[{"embeddable":true,"href":"https:\/\/adra.ca\/fr\/wp-json\/wp\/v2\/media\/92353"}],"wp:attachment":[{"href":"https:\/\/adra.ca\/fr\/wp-json\/wp\/v2\/media?parent=92351"}],"wp:term":[{"taxonomy":"category","embeddable":true,"href":"https:\/\/adra.ca\/fr\/wp-json\/wp\/v2\/categories?post=92351"},{"taxonomy":"post_tag","embeddable":true,"href":"https:\/\/adra.ca\/fr\/wp-json\/wp\/v2\/tags?post=92351"}],"curies":[{"name":"wp","href":"https:\/\/api.w.org\/{rel}","templated":true}]}}