{"id":92418,"date":"2022-02-11T00:22:54","date_gmt":"2022-02-11T05:22:54","guid":{"rendered":"https:\/\/devsite.adra.ca\/?p=92418"},"modified":"2023-08-02T19:46:03","modified_gmt":"2023-08-02T23:46:03","slug":"helping-farmers-in-nepal-adapt-to-climate-change-sdg-13","status":"publish","type":"post","link":"https:\/\/adra.ca\/fr\/stories\/helping-farmers-in-nepal-adapt-to-climate-change-sdg-13\/","title":{"rendered":"Aider les agriculteurs du N\u00e9pal \u00e0 s&#039;adapter au changement climatique : ODD 13"},"content":{"rendered":"<\/p>\n<p><img fetchpriority=\"high\" decoding=\"async\" class=\"size-full wp-image-75400 alignleft\" src=\"https:\/\/devsite.adra.ca\/wp-content\/uploads\/2022\/02\/Foster-Project-Participant-Nepal.png\" alt=\"\" width=\"700\" height=\"438\" srcset=\"https:\/\/www.adra.ca\/wp-content\/uploads\/2022\/02\/Foster-Project-Participant-Nepal-200x125.png 200w, https:\/\/www.adra.ca\/wp-content\/uploads\/2022\/02\/Foster-Project-Participant-Nepal-400x250.png 400w, https:\/\/www.adra.ca\/wp-content\/uploads\/2022\/02\/Foster-Project-Participant-Nepal-500x313.png 500w, https:\/\/www.adra.ca\/wp-content\/uploads\/2022\/02\/Foster-Project-Participant-Nepal-600x375.png 600w, https:\/\/devsite.adra.ca\/wp-content\/uploads\/2022\/02\/Foster-Project-Participant-Nepal.png 700w\" sizes=\"(max-width: 700px) 100vw, 700px\" \/>Suraj Khadka vient du N\u00e9pal et participe au projet FOSTER.<\/p>\n<p>Suraj est issu d&#039;une famille de petits agriculteurs. \u00c0 une certaine \u00e9poque, Suraj produisait des l\u00e9gumes de saison comme le chili, l&#039;oignon et la tomate. Cependant, en raison du manque d\u2019eau pour l\u2019irrigation, la culture de l\u00e9gumes pendant la saison s\u00e8che \u00e9tait extr\u00eamement difficile. Dans le m\u00eame temps, cultiver des tomates pendant la saison des pluies, lorsqu\u2019elles atteignent des prix \u00e9lev\u00e9s, n\u2019\u00e9tait pas r\u00e9alisable car des pluies excessives affecteraient n\u00e9gativement la croissance des cultures, attireraient les ravageurs et augmenteraient le risque de maladie. En tant que participant au projet FOSTER, ADRA a fourni \u00e0 Suraj des mati\u00e8res plastiques et d&#039;autres mat\u00e9riaux locaux pour construire une serre. De plus, il a install\u00e9 un syst\u00e8me d&#039;irrigation goutte \u00e0 goutte avec un r\u00e9servoir de 100 litres pour pouvoir acheminer l&#039;eau directement jusqu&#039;aux racines de la plante, notamment pendant la saison s\u00e8che.<\/p>\n<p>Suraj dit fi\u00e8rement <em>\u00ab Je peux prolonger la saison de croissance des l\u00e9gumes, notamment des tomates pendant la saison des pluies et des courges en hiver. Je suis \u00e9galement capable d\u2019utiliser efficacement l\u2019eau rare gr\u00e2ce au syst\u00e8me goutte \u00e0 goutte. Cette technologie a vraiment contribu\u00e9 \u00e0 augmenter la production m\u00eame dans des conditions m\u00e9t\u00e9orologiques extr\u00eames.<\/em><\/p>\n<p>Au cours des trois derni\u00e8res ann\u00e9es, les revenus de Suraj provenant de ses l\u00e9gumes ont augment\u00e9 de plus de 3 001 TP3T. Il a d\u00e9j\u00e0 vendu ses tomates pour une valeur de 50 000 NPR (530,00 CAD) et esp\u00e8re tirer davantage profit des oignons de son champ. Suraj utilise \u00e9galement diverses pratiques de lutte int\u00e9gr\u00e9e contre les ravageurs, notamment des pi\u00e8ges collants jaunes, des leurres et des pesticides fabriqu\u00e9s \u00e0 partir de plantes disponibles localement. Cela lui a permis de r\u00e9duire consid\u00e9rablement l\u2019utilisation d\u2019intrants chimiques. Maintenant qu&#039;il utilise moins de produits chimiques, il a \u00e9galement constat\u00e9 une am\u00e9lioration de l&#039;\u00e9tat du sol.<\/p>\n<h3 class=\"fusion-responsive-typography-calculated\" data-fontsize=\"22\" data-lineheight=\"22px\"><strong>Objectif de d\u00e9veloppement durable 13<\/strong><\/h3>\n<p><img decoding=\"async\" class=\"size-fusion-200 wp-image-75404 alignleft lazyload\" data-src=\"https:\/\/devsite.adra.ca\/wp-content\/uploads\/2022\/02\/E-WEB-Goal-13-200x200-1.png\" alt=\"\" width=\"200\" height=\"200\" data-srcset=\"https:\/\/www.adra.ca\/wp-content\/uploads\/2022\/02\/E-WEB-Goal-13-66x66.png 66w, https:\/\/www.adra.ca\/wp-content\/uploads\/2022\/02\/E-WEB-Goal-13-100x100.png 100w, https:\/\/devsite.adra.ca\/wp-content\/uploads\/2022\/02\/E-WEB-Goal-13-200x200-1.png 200w, https:\/\/www.adra.ca\/wp-content\/uploads\/2022\/02\/E-WEB-Goal-13-300x300.png 300w, https:\/\/www.adra.ca\/wp-content\/uploads\/2022\/02\/E-WEB-Goal-13-400x400.png 400w, https:\/\/www.adra.ca\/wp-content\/uploads\/2022\/02\/E-WEB-Goal-13-500x500.png 500w, https:\/\/www.adra.ca\/wp-content\/uploads\/2022\/02\/E-WEB-Goal-13-600x600.png 600w, https:\/\/www.adra.ca\/wp-content\/uploads\/2022\/02\/E-WEB-Goal-13-700x700.png 700w, https:\/\/www.adra.ca\/wp-content\/uploads\/2022\/02\/E-WEB-Goal-13-768x768.png 768w, https:\/\/www.adra.ca\/wp-content\/uploads\/2022\/02\/E-WEB-Goal-13-800x800.png 800w, https:\/\/www.adra.ca\/wp-content\/uploads\/2022\/02\/E-WEB-Goal-13-1000x1000.png 1000w, https:\/\/www.adra.ca\/wp-content\/uploads\/2022\/02\/E-WEB-Goal-13-1200x1200.png 1200w, https:\/\/www.adra.ca\/wp-content\/uploads\/2022\/02\/E-WEB-Goal-13.png 1500w\" data-sizes=\"(max-width: 200px) 100vw, 200px\" src=\"data:image\/svg+xml;base64,PHN2ZyB3aWR0aD0iMSIgaGVpZ2h0PSIxIiB4bWxucz0iaHR0cDovL3d3dy53My5vcmcvMjAwMC9zdmciPjwvc3ZnPg==\" style=\"--smush-placeholder-width: 200px; --smush-placeholder-aspect-ratio: 200\/200;\" \/>L\u2019objectif de d\u00e9veloppement durable 13 concerne l\u2019action climatique et est l\u2019un des 17 objectifs de d\u00e9veloppement durable \u00e9tablis par les Nations Unies en 2015. L\u2019\u00e9nonc\u00e9 de mission officiel de cet objectif est de \u00ab\u00a0prendre des mesures urgentes pour lutter contre le changement climatique et ses impacts\u00a0\u00bb. L\u2019ODD 13 comporte des cibles qui doivent \u00eatre atteintes d\u2019ici 2030.<\/p>\n<h2><span style=\"color: #007b5f;\">Le projet FOSTER<\/span><\/h2>\n<p>Apr\u00e8s le tremblement de terre d\u00e9vastateur au N\u00e9pal en 2015, ADRA a aid\u00e9 les personnes vivant dans les zones rurales du N\u00e9pal \u00e0 se r\u00e9tablir avec le projet FOSTER. Dans un projet conjoint financ\u00e9 par ADRA Canada et la Banque canadienne de c\u00e9r\u00e9ales, ADRA N\u00e9pal a travaill\u00e9 avec des agriculteurs pour leur apprendre \u00e0 r\u00e9ussir dans l&#039;\u00e9levage de ch\u00e8vres et le mara\u00eechage. Gr\u00e2ce \u00e0 ces m\u00e9thodes simples, ADRA a aid\u00e9 les gens \u00e0 d\u00e9velopper de nouvelles sources de revenus pour aider \u00e0 subvenir aux besoins de leurs familles.<\/p>\n<p><img decoding=\"async\" class=\"size-fusion-200 wp-image-75416 alignright lazyload\" data-src=\"https:\/\/devsite.adra.ca\/wp-content\/uploads\/2022\/02\/Canadian-Foodgrains-Bank-member-graphic-RGB-200x155-1.png\" alt=\"\" width=\"200\" height=\"155\" data-srcset=\"https:\/\/devsite.adra.ca\/wp-content\/uploads\/2022\/02\/Canadian-Foodgrains-Bank-member-graphic-RGB-200x155-1.png 200w, https:\/\/www.adra.ca\/wp-content\/uploads\/2022\/02\/Canadian-Foodgrains-Bank-member-graphic-RGB-400x311.png 400w, https:\/\/www.adra.ca\/wp-content\/uploads\/2022\/02\/Canadian-Foodgrains-Bank-member-graphic-RGB-500x389.png 500w, https:\/\/www.adra.ca\/wp-content\/uploads\/2022\/02\/Canadian-Foodgrains-Bank-member-graphic-RGB-600x466.png 600w, https:\/\/www.adra.ca\/wp-content\/uploads\/2022\/02\/Canadian-Foodgrains-Bank-member-graphic-RGB-700x544.png 700w, https:\/\/www.adra.ca\/wp-content\/uploads\/2022\/02\/Canadian-Foodgrains-Bank-member-graphic-RGB-768x597.png 768w, https:\/\/www.adra.ca\/wp-content\/uploads\/2022\/02\/Canadian-Foodgrains-Bank-member-graphic-RGB-800x622.png 800w, https:\/\/www.adra.ca\/wp-content\/uploads\/2022\/02\/Canadian-Foodgrains-Bank-member-graphic-RGB-1200x933.png 1200w, https:\/\/www.adra.ca\/wp-content\/uploads\/2022\/02\/Canadian-Foodgrains-Bank-member-graphic-RGB-1287x1000.png 1287w, https:\/\/www.adra.ca\/wp-content\/uploads\/2022\/02\/Canadian-Foodgrains-Bank-member-graphic-RGB.png 1351w\" data-sizes=\"(max-width: 200px) 100vw, 200px\" src=\"data:image\/svg+xml;base64,PHN2ZyB3aWR0aD0iMSIgaGVpZ2h0PSIxIiB4bWxucz0iaHR0cDovL3d3dy53My5vcmcvMjAwMC9zdmciPjwvc3ZnPg==\" style=\"--smush-placeholder-width: 200px; --smush-placeholder-aspect-ratio: 200\/155;\" \/><\/p>","protected":false},"excerpt":{"rendered":"<p>Suraj Khadka vient du N\u00e9pal et participe au projet FOSTER. Suraj vient d&#039;une famille de petits agriculteurs. \u00c0 une certaine \u00e9poque, Suraj produisait des l\u00e9gumes de saison comme le piment, l&#039;oignon et la tomate. Cependant, en raison du manque d&#039;eau \u00e0 utiliser pour l&#039;irrigation, la culture de l\u00e9gumes pendant la p\u00e9riode s\u00e8che \u2026 lire la suite<\/p>","protected":false},"author":10,"featured_media":92420,"comment_status":"close","ping_status":"open","sticky":false,"template":"","format":"standard","meta":{"wds_primary_category":19,"footnotes":""},"categories":[19],"tags":[122,123,124,145],"class_list":["post-92418","post","type-post","status-publish","format-standard","has-post-thumbnail","hentry","category-stories","tag-climate-action","tag-economic-opportunities","tag-nepal","tag-news-and-stories"],"_links":{"self":[{"href":"https:\/\/adra.ca\/fr\/wp-json\/wp\/v2\/posts\/92418","targetHints":{"allow":["GET"]}}],"collection":[{"href":"https:\/\/adra.ca\/fr\/wp-json\/wp\/v2\/posts"}],"about":[{"href":"https:\/\/adra.ca\/fr\/wp-json\/wp\/v2\/types\/post"}],"author":[{"embeddable":true,"href":"https:\/\/adra.ca\/fr\/wp-json\/wp\/v2\/users\/10"}],"replies":[{"embeddable":true,"href":"https:\/\/adra.ca\/fr\/wp-json\/wp\/v2\/comments?post=92418"}],"version-history":[{"count":0,"href":"https:\/\/adra.ca\/fr\/wp-json\/wp\/v2\/posts\/92418\/revisions"}],"wp:featuredmedia":[{"embeddable":true,"href":"https:\/\/adra.ca\/fr\/wp-json\/wp\/v2\/media\/92420"}],"wp:attachment":[{"href":"https:\/\/adra.ca\/fr\/wp-json\/wp\/v2\/media?parent=92418"}],"wp:term":[{"taxonomy":"category","embeddable":true,"href":"https:\/\/adra.ca\/fr\/wp-json\/wp\/v2\/categories?post=92418"},{"taxonomy":"post_tag","embeddable":true,"href":"https:\/\/adra.ca\/fr\/wp-json\/wp\/v2\/tags?post=92418"}],"curies":[{"name":"wp","href":"https:\/\/api.w.org\/{rel}","templated":true}]}}