{"id":92425,"date":"2022-02-09T23:58:38","date_gmt":"2022-02-10T04:58:38","guid":{"rendered":"https:\/\/devsite.adra.ca\/?p=92425"},"modified":"2023-08-10T17:18:28","modified_gmt":"2023-08-10T21:18:28","slug":"growing-organic-mushrooms-in-myanmar-sdg-4","status":"publish","type":"post","link":"https:\/\/adra.ca\/fr\/stories\/growing-organic-mushrooms-in-myanmar-sdg-4\/","title":{"rendered":"Cultiver des champignons biologiques au Myanmar : ODD 4"},"content":{"rendered":"<p>Ag\u00e9 de 17 ans, Nang San Noon vient du Myanmar.<\/p>\n<p>En raison de la pand\u00e9mie de COVID-19, Nang San Noon n&#039;a pas pu aller \u00e0 l&#039;\u00e9cole.<\/p>\n<p>Peu de temps apr\u00e8s, le projet BRIGHT est venu dans son village et a introduit un programme de formation professionnelle. Nang San Noon s&#039;est int\u00e9ress\u00e9e \u00e0 cela, et comme elle ne pouvait plus aller \u00e0 l&#039;\u00e9cole, elle a d\u00e9cid\u00e9 de suivre la formation aux champignons.<\/p>\n<p><em>\u00ab Avant de rejoindre cette formation, je r\u00eavais de cultiver des champignons et de les vendre aux clients. \u00bb <\/em><\/p>\n<p>Nang San Noon a appris la conservation de l&#039;environnement, l&#039;utilisation de produits locaux avec un faible investissement en capital pour produire des champignons, et comment faire pousser des champignons avec un faible investissement en capital gr\u00e2ce \u00e0 la formation aux champignons.<\/p>\n<p><em>\u00ab\u00a0Maintenant, je peux cultiver et entretenir des champignons\u00a0!\u00a0\u00bb<\/em><\/p>\n<div><\/div>\n<div><span class=\"fusion-imageframe imageframe-none imageframe-94 hover-type-none\"><img fetchpriority=\"high\" decoding=\"async\" class=\"img-responsive alignnone wp-image-75376\" src=\"https:\/\/devsite.adra.ca\/wp-content\/uploads\/2022\/02\/4.png\" sizes=\"(max-width: 1032px) 100vw, (max-width: 525px) 100vw, 600px\" srcset=\"https:\/\/www.adra.ca\/wp-content\/uploads\/2022\/02\/4-200x200.png 200w, https:\/\/www.adra.ca\/wp-content\/uploads\/2022\/02\/4-400x400.png 400w, https:\/\/www.adra.ca\/wp-content\/uploads\/2022\/02\/4-600x600.png 600w, https:\/\/www.adra.ca\/wp-content\/uploads\/2022\/02\/4-800x800.png 800w, https:\/\/devsite.adra.ca\/wp-content\/uploads\/2022\/02\/4.png 1080w\" alt=\"\" width=\"1080\" height=\"1080\" \/><\/span><\/div>\n<p>Elle a appris \u00e0 replanter les paquets de champignons fournis par BRIGHT. Nang San Noon a maintenant de quoi nourrir sa famille et partager avec ses voisins.<\/p>\n<p>Dans le cadre du projet, les champignons repoussent avec l&#039;aide des stagiaires et des participants du village. Nang San Noon partage <em>\u00ab\u00a0En tant que stagiaires, nous partageons des conseils avec les villageois sur la fa\u00e7on de cultiver des champignons.\u00a0\u00bb<\/em><\/p>\n<p>Aujourd&#039;hui, Nang San Noon inspire d&#039;autres personnes de sa communaut\u00e9 \u00e0 prendre conscience de la culture biologique des champignons.<\/p>\n<p>Nang San Noon et d&#039;autres stagiaires attendent avec impatience le d\u00e9veloppement d&#039;une maison de culture de champignons. Les villageois contribuent au bambou pour construire une maison de culture de champignons o\u00f9 plus de 1 500 p\u00e9pini\u00e8res seront plant\u00e9es pour faire pousser des champignons.<\/p>\n<p>Nang San Noon r\u00eave de cr\u00e9er un jour sa propre p\u00e9pini\u00e8re de champignons, et BRIGHT l&#039;aide \u00e0 faire de ce r\u00eave une r\u00e9alit\u00e9.<\/p>\n<p><em>\u00ab Je voudrais remercier Affaires mondiales Canada et ADRA qui ont soutenu l&#039;enseignement professionnel dans notre village !<\/em><\/p>\n<h3><strong>Objectif de d\u00e9veloppement durable 4<\/strong><\/h3>\n<p><img decoding=\"async\" class=\"size-full wp-image-75385 alignleft lazyload\" data-src=\"https:\/\/devsite.adra.ca\/wp-content\/uploads\/2023\/03\/E-WEB-Goal-04.png\" data-sizes=\"(max-width: 200px) 100vw, 200px\" data-srcset=\"https:\/\/www.adra.ca\/wp-content\/uploads\/2022\/02\/E-WEB-Goal-04-66x66.png 66w, https:\/\/www.adra.ca\/wp-content\/uploads\/2022\/02\/E-WEB-Goal-04-100x100.png 100w, https:\/\/devsite.adra.ca\/wp-content\/uploads\/2023\/03\/E-WEB-Goal-04.png 200w\" alt=\"\" width=\"200\" height=\"200\" src=\"data:image\/svg+xml;base64,PHN2ZyB3aWR0aD0iMSIgaGVpZ2h0PSIxIiB4bWxucz0iaHR0cDovL3d3dy53My5vcmcvMjAwMC9zdmciPjwvc3ZnPg==\" style=\"--smush-placeholder-width: 200px; --smush-placeholder-aspect-ratio: 200\/200;\" \/>L\u2019objectif de d\u00e9veloppement durable 4 concerne l\u2019\u00e9ducation de qualit\u00e9 et fait partie des 17 objectifs de d\u00e9veloppement durable \u00e9tablis par les Nations Unies en septembre 2015. Le titre complet de l\u2019ODD 4 est \u00ab Garantir une \u00e9ducation de qualit\u00e9 inclusive et \u00e9quitable et promouvoir les opportunit\u00e9s d\u2019apprentissage tout au long de la vie pour tous \u00bb.<\/p>\n<h2 class=\"fusion-responsive-typography-calculated\" data-fontsize=\"30\" data-lineheight=\"31.2px\"><span style=\"color: #007b5f;\"><strong>\u00c0 propos du projet BRIGHT<\/strong><\/span><\/h2>\n<p>ADRA Canada s&#039;associe \u00e0 Affaires mondiales Canada pour mettre en \u0153uvre le projet Briser les barri\u00e8res, am\u00e9liorer l&#039;\u00e9ducation des filles, l&#039;espoir et la totalit\u00e9 (BRIGHT).<\/p>\n<p>ADRA Canada croit que chaque enfant partout a le droit \u00e0 une \u00e9ducation. Dans le cadre du projet BRIGHT, ADRA travaillera pendant quatre ans (2020-2024) pour rendre l&#039;\u00e9ducation disponible dans les communaut\u00e9s d\u00e9chir\u00e9es par la guerre et touch\u00e9es par les conflits au Niger, au Soudan et au Myanmar, en se concentrant particuli\u00e8rement sur les filles et les femmes.<\/p>\n<p>Le projet vise \u00e0 rendre l\u2019\u00e9ducation plus facilement accessible aux communaut\u00e9s. Il travaille avec les parents et les chefs de village pour \u00e9liminer les obstacles qui emp\u00eachent sp\u00e9cifiquement les filles et les femmes d&#039;acc\u00e9der \u00e0 l&#039;\u00e9ducation, tels que le mariage pr\u00e9coce, pr\u00e9coce ou forc\u00e9, la d\u00e9valorisation de l&#039;\u00e9ducation des filles et des femmes, ainsi que la violence sexuelle et sexiste. Le projet vise \u00e9galement \u00e0 garantir que les groupes minoritaires ont acc\u00e8s \u00e0 une \u00e9ducation qui r\u00e9pond \u00e0 leurs besoins culturels et linguistiques.<\/p>","protected":false},"excerpt":{"rendered":"<p>Ag\u00e9 de 17 ans, Nang San Noon vient du Myanmar. En raison de la pand\u00e9mie de COVID-19, Nang San Noon n&#039;a pas pu aller \u00e0 l&#039;\u00e9cole. Peu de temps apr\u00e8s, le projet BRIGHT est venu dans son village et a introduit un programme de formation professionnelle. Nang San Noon s&#039;est int\u00e9ress\u00e9e \u00e0 cela, et depuis qu&#039;elle n&#039;\u00e9tait plus en mesure de \u2026 lire la suite<\/p>","protected":false},"author":10,"featured_media":92427,"comment_status":"close","ping_status":"open","sticky":false,"template":"","format":"standard","meta":{"wds_primary_category":19,"footnotes":""},"categories":[19],"tags":[123,118,125,145],"class_list":["post-92425","post","type-post","status-publish","format-standard","has-post-thumbnail","hentry","category-stories","tag-economic-opportunities","tag-education","tag-myanmar","tag-news-and-stories"],"_links":{"self":[{"href":"https:\/\/adra.ca\/fr\/wp-json\/wp\/v2\/posts\/92425","targetHints":{"allow":["GET"]}}],"collection":[{"href":"https:\/\/adra.ca\/fr\/wp-json\/wp\/v2\/posts"}],"about":[{"href":"https:\/\/adra.ca\/fr\/wp-json\/wp\/v2\/types\/post"}],"author":[{"embeddable":true,"href":"https:\/\/adra.ca\/fr\/wp-json\/wp\/v2\/users\/10"}],"replies":[{"embeddable":true,"href":"https:\/\/adra.ca\/fr\/wp-json\/wp\/v2\/comments?post=92425"}],"version-history":[{"count":0,"href":"https:\/\/adra.ca\/fr\/wp-json\/wp\/v2\/posts\/92425\/revisions"}],"wp:featuredmedia":[{"embeddable":true,"href":"https:\/\/adra.ca\/fr\/wp-json\/wp\/v2\/media\/92427"}],"wp:attachment":[{"href":"https:\/\/adra.ca\/fr\/wp-json\/wp\/v2\/media?parent=92425"}],"wp:term":[{"taxonomy":"category","embeddable":true,"href":"https:\/\/adra.ca\/fr\/wp-json\/wp\/v2\/categories?post=92425"},{"taxonomy":"post_tag","embeddable":true,"href":"https:\/\/adra.ca\/fr\/wp-json\/wp\/v2\/tags?post=92425"}],"curies":[{"name":"wp","href":"https:\/\/api.w.org\/{rel}","templated":true}]}}