{"id":92482,"date":"2021-09-30T18:47:56","date_gmt":"2021-09-30T22:47:56","guid":{"rendered":"https:\/\/devsite.adra.ca\/?p=92482"},"modified":"2023-08-02T19:46:14","modified_gmt":"2023-08-02T23:46:14","slug":"help-for-haiti","status":"publish","type":"post","link":"https:\/\/adra.ca\/fr\/stories\/help-for-haiti\/","title":{"rendered":"Aide pour Ha\u00efti"},"content":{"rendered":"<\/p>\n<p><img fetchpriority=\"high\" decoding=\"async\" class=\"aligncenter size-full wp-image-73298\" src=\"https:\/\/devsite.adra.ca\/wp-content\/uploads\/2021\/09\/HaitiLead.jpg\" alt=\"\" width=\"800\" height=\"450\" srcset=\"https:\/\/www.adra.ca\/wp-content\/uploads\/2021\/09\/HaitiLead-200x113.jpg 200w, https:\/\/www.adra.ca\/wp-content\/uploads\/2021\/09\/HaitiLead-400x225.jpg 400w, https:\/\/www.adra.ca\/wp-content\/uploads\/2021\/09\/HaitiLead-500x281.jpg 500w, https:\/\/www.adra.ca\/wp-content\/uploads\/2021\/09\/HaitiLead-600x338.jpg 600w, https:\/\/www.adra.ca\/wp-content\/uploads\/2021\/09\/HaitiLead-700x394.jpg 700w, https:\/\/www.adra.ca\/wp-content\/uploads\/2021\/09\/HaitiLead-768x432.jpg 768w, https:\/\/devsite.adra.ca\/wp-content\/uploads\/2021\/09\/HaitiLead.jpg 800w\" sizes=\"(max-width: 800px) 100vw, 800px\" \/><\/p>\n<p>Le 14 ao\u00fbt 2021, Ha\u00efti a \u00e9t\u00e9 frapp\u00e9 par un s\u00e9isme de magnitude 7,2 qui a provoqu\u00e9 des destructions massives et fait plus de 2\u00a0200 morts. Pr\u00e8s de 830\u00a0000 personnes ont \u00e9t\u00e9 bless\u00e9es d&#039;une mani\u00e8re ou d&#039;une autre. La secousse sismique a gravement endommag\u00e9 les infrastructures du pays, notamment les habitations, les routes, les r\u00e9seaux d&#039;eau et les \u00e9tablissements de sant\u00e9.<\/p>\n<p>Les cons\u00e9quences d\u00e9sastreuses du s\u00e9isme ont \u00e9t\u00e9 aggrav\u00e9es par la temp\u00eate tropicale Grace qui a frapp\u00e9 la m\u00eame zone que le s\u00e9isme trois jours plus tard. Nous remercions Dieu pour sa mis\u00e9ricorde et sa protection, car aucune vie n&#039;a \u00e9t\u00e9 perdue \u00e0 cause de la temp\u00eate.<\/p>\n<p>Les distributions de nourriture, d&#039;eau, de kits d&#039;hygi\u00e8ne et d&#039;abris aux familles touch\u00e9es se poursuivent et des plans sont en cours d&#039;\u00e9laboration pour \u00e9tendre notre r\u00e9ponse. Nous soutenons \u00e9galement un h\u00f4pital adventiste local qui dispense des soins de sant\u00e9 d\u2019urgence aux personnes bless\u00e9es par la chute de d\u00e9bris lors du tremblement de terre.<\/p>\n<p>Apr\u00e8s une catastrophe, les gens sont plus vuln\u00e9rables aux maladies et \u00e0 la violence. Pour aider \u00e0 prot\u00e9ger les personnes vuln\u00e9rables, en particulier les femmes et les enfants, nous partageons des messages sur la pr\u00e9vention de la propagation du COVID-19 et la r\u00e9duction de l&#039;exploitation et des abus sexuels lors des distributions. Il existe \u00e9galement une hotline disponible, qui est promue lors des distributions.<\/p>\n<p>Merci pour vos pri\u00e8res et vos dons financiers pour aider le peuple ha\u00eftien.<\/p>\n<div class=\"fusion-clearfix\"><\/div>\n<p><span class=\"fusion-imageframe imageframe-none imageframe-108 hover-type-none\"><img decoding=\"async\" width=\"800\" height=\"450\" title=\"Ha\u00efti03\" data-src=\"https:\/\/devsite.adra.ca\/wp-content\/uploads\/2021\/09\/Haiti03.jpg\" alt class=\"img-responsive wp-image-73301 lazyload\" data-srcset=\"https:\/\/www.adra.ca\/wp-content\/uploads\/2021\/09\/Haiti03-200x113.jpg 200w, https:\/\/www.adra.ca\/wp-content\/uploads\/2021\/09\/Haiti03-400x225.jpg 400w, https:\/\/www.adra.ca\/wp-content\/uploads\/2021\/09\/Haiti03-600x338.jpg 600w, https:\/\/devsite.adra.ca\/wp-content\/uploads\/2021\/09\/Haiti03.jpg 800w\" data-sizes=\"(max-width: 900px) 100vw, 400px\" src=\"data:image\/svg+xml;base64,PHN2ZyB3aWR0aD0iMSIgaGVpZ2h0PSIxIiB4bWxucz0iaHR0cDovL3d3dy53My5vcmcvMjAwMC9zdmciPjwvc3ZnPg==\" style=\"--smush-placeholder-width: 800px; --smush-placeholder-aspect-ratio: 800\/450;\" \/><\/span><\/p>\n<p>Les victimes du tremblement de terre en Ha\u00efti font la queue pour une distribution de nourriture d&#039;ADRA.<\/p>\n<div class=\"fusion-clearfix\"><\/div>\n<p><span class=\"fusion-imageframe imageframe-none imageframe-109 hover-type-none\"><img decoding=\"async\" width=\"800\" height=\"450\" alt=\"A man carrying food bags on his head after the Haiti earthquake in 2021\" title=\"Dons alimentaires en Ha\u00efti\" data-src=\"https:\/\/devsite.adra.ca\/wp-content\/uploads\/2021\/09\/Haiti01.jpg\" class=\"img-responsive wp-image-73299 lazyload\" data-srcset=\"https:\/\/www.adra.ca\/wp-content\/uploads\/2021\/09\/Haiti01-200x113.jpg 200w, https:\/\/www.adra.ca\/wp-content\/uploads\/2021\/09\/Haiti01-400x225.jpg 400w, https:\/\/www.adra.ca\/wp-content\/uploads\/2021\/09\/Haiti01-600x338.jpg 600w, https:\/\/devsite.adra.ca\/wp-content\/uploads\/2021\/09\/Haiti01.jpg 800w\" data-sizes=\"(max-width: 900px) 100vw, 400px\" src=\"data:image\/svg+xml;base64,PHN2ZyB3aWR0aD0iMSIgaGVpZ2h0PSIxIiB4bWxucz0iaHR0cDovL3d3dy53My5vcmcvMjAwMC9zdmciPjwvc3ZnPg==\" style=\"--smush-placeholder-width: 800px; --smush-placeholder-aspect-ratio: 800\/450;\" \/><\/span><\/p>\n<p>Recevoir de la nourriture et des articles d&#039;hygi\u00e8ne d&#039;ADRA.<\/p>\n<div class=\"fusion-clearfix\"><\/div>\n<p><span class=\"fusion-imageframe imageframe-none imageframe-110 hover-type-none\"><img decoding=\"async\" width=\"800\" height=\"450\" alt=\"a man and a woman carrying food donated to them by ADRA canada.\" title=\"R\u00e9ponse au s\u00e9isme en Ha\u00efti\" data-src=\"https:\/\/devsite.adra.ca\/wp-content\/uploads\/2021\/09\/Haiti02.jpg\" class=\"img-responsive wp-image-73300 lazyload\" data-srcset=\"https:\/\/www.adra.ca\/wp-content\/uploads\/2021\/09\/Haiti02-200x113.jpg 200w, https:\/\/www.adra.ca\/wp-content\/uploads\/2021\/09\/Haiti02-400x225.jpg 400w, https:\/\/www.adra.ca\/wp-content\/uploads\/2021\/09\/Haiti02-600x338.jpg 600w, https:\/\/devsite.adra.ca\/wp-content\/uploads\/2021\/09\/Haiti02.jpg 800w\" data-sizes=\"(max-width: 900px) 100vw, 400px\" src=\"data:image\/svg+xml;base64,PHN2ZyB3aWR0aD0iMSIgaGVpZ2h0PSIxIiB4bWxucz0iaHR0cDovL3d3dy53My5vcmcvMjAwMC9zdmciPjwvc3ZnPg==\" style=\"--smush-placeholder-width: 800px; --smush-placeholder-aspect-ratio: 800\/450;\" \/><\/span><\/p>\n<p>Transporter des produits alimentaires \u00e0 la maison, \u00e0 la mani\u00e8re ha\u00eftienne\u00a0!<\/p>\n<div class=\"fusion-clearfix\"><\/div>","protected":false},"excerpt":{"rendered":"<p>Le 14 ao\u00fbt 2021, Ha\u00efti a \u00e9t\u00e9 frapp\u00e9 par un s\u00e9isme de magnitude 7,2 qui a provoqu\u00e9 d&#039;importantes destructions et fait plus de 2 200 morts. Pr\u00e8s de 830 000 personnes ont \u00e9t\u00e9 touch\u00e9es d&#039;une mani\u00e8re ou d&#039;une autre par la catastrophe. Le choc sismique a caus\u00e9 de graves dommages aux infrastructures du pays, notamment aux habitations, aux routes, aux syst\u00e8mes d&#039;approvisionnement en eau et aux \u00e9tablissements de sant\u00e9. Les cons\u00e9quences d\u00e9sastreuses de \u2026 lire la suite<\/p>","protected":false},"author":7,"featured_media":92484,"comment_status":"close","ping_status":"open","sticky":false,"template":"","format":"standard","meta":{"wds_primary_category":19,"footnotes":""},"categories":[19],"tags":[106,145],"class_list":["post-92482","post","type-post","status-publish","format-standard","has-post-thumbnail","hentry","category-stories","tag-emergency-response","tag-news-and-stories"],"_links":{"self":[{"href":"https:\/\/adra.ca\/fr\/wp-json\/wp\/v2\/posts\/92482","targetHints":{"allow":["GET"]}}],"collection":[{"href":"https:\/\/adra.ca\/fr\/wp-json\/wp\/v2\/posts"}],"about":[{"href":"https:\/\/adra.ca\/fr\/wp-json\/wp\/v2\/types\/post"}],"author":[{"embeddable":true,"href":"https:\/\/adra.ca\/fr\/wp-json\/wp\/v2\/users\/7"}],"replies":[{"embeddable":true,"href":"https:\/\/adra.ca\/fr\/wp-json\/wp\/v2\/comments?post=92482"}],"version-history":[{"count":0,"href":"https:\/\/adra.ca\/fr\/wp-json\/wp\/v2\/posts\/92482\/revisions"}],"wp:featuredmedia":[{"embeddable":true,"href":"https:\/\/adra.ca\/fr\/wp-json\/wp\/v2\/media\/92484"}],"wp:attachment":[{"href":"https:\/\/adra.ca\/fr\/wp-json\/wp\/v2\/media?parent=92482"}],"wp:term":[{"taxonomy":"category","embeddable":true,"href":"https:\/\/adra.ca\/fr\/wp-json\/wp\/v2\/categories?post=92482"},{"taxonomy":"post_tag","embeddable":true,"href":"https:\/\/adra.ca\/fr\/wp-json\/wp\/v2\/tags?post=92482"}],"curies":[{"name":"wp","href":"https:\/\/api.w.org\/{rel}","templated":true}]}}