{"id":92557,"date":"2021-06-23T10:56:49","date_gmt":"2021-06-23T14:56:49","guid":{"rendered":"https:\/\/devsite.adra.ca\/?p=92557"},"modified":"2023-08-10T17:50:21","modified_gmt":"2023-08-10T21:50:21","slug":"the-covid-19-pandemic-in-india","status":"publish","type":"post","link":"https:\/\/adra.ca\/fr\/stories\/the-covid-19-pandemic-in-india\/","title":{"rendered":"La pand\u00e9mie de COVID-19 en Inde"},"content":{"rendered":"<p>Bien que toujours grave, la situation de la COVID-19 en Inde continue de s&#039;am\u00e9liorer. Le nombre de cas actifs en Inde au 22 juin a enregistr\u00e9 une baisse nette de 26\u00a0356 cas, portant le nombre total \u00e0 657\u00a0173.<\/p>\n<div><span class=\"fusion-imageframe imageframe-none imageframe-137 hover-type-none\"><img fetchpriority=\"high\" decoding=\"async\" class=\"img-responsive wp-image-69416\" title=\"Impact du COVID-19 en Inde ADRA Canada r\u00e9pond\" src=\"https:\/\/devsite.adra.ca\/wp-content\/uploads\/2021\/06\/PHOTO-2021-05-09-12-06-12-4.jpg\" sizes=\"(max-width: 1032px) 100vw, (max-width: 525px) 100vw, 1040px\" srcset=\"https:\/\/www.adra.ca\/wp-content\/uploads\/2021\/06\/PHOTO-2021-05-09-12-06-12-4-200x92.jpg 200w, https:\/\/www.adra.ca\/wp-content\/uploads\/2021\/06\/PHOTO-2021-05-09-12-06-12-4-400x185.jpg 400w, https:\/\/www.adra.ca\/wp-content\/uploads\/2021\/06\/PHOTO-2021-05-09-12-06-12-4-600x277.jpg 600w, https:\/\/www.adra.ca\/wp-content\/uploads\/2021\/06\/PHOTO-2021-05-09-12-06-12-4-800x369.jpg 800w, https:\/\/devsite.adra.ca\/wp-content\/uploads\/2021\/06\/PHOTO-2021-05-09-12-06-12-4.jpg 1040w\" alt=\"\" width=\"1040\" height=\"480\" \/><\/span><\/div>\n<p>Plusieurs \u00c9tats du pays ont commenc\u00e9 \u00e0 assouplir les couvre-feux, les cas continuant de baisser r\u00e9guli\u00e8rement. Par exemple, le gouvernement de Delhi a autoris\u00e9 la r\u00e9ouverture des march\u00e9s et des centres commerciaux, tout en maintenant les restrictions de d\u00e9placement et de rassemblement. Ces restrictions ont aggrav\u00e9 les conditions de vie de nombreux habitants des grandes villes indiennes. Le ralentissement \u00e9conomique et le ch\u00f4mage \u00e9lev\u00e9 en zone urbaine ont \u00e9galement eu des r\u00e9percussions sur les zones rurales. Les licenciements massifs et l&#039;absence d&#039;aide financi\u00e8re incitent les habitants \u00e0 quitter les villes pour retourner dans leurs villages. Cette migration inverse accro\u00eet le risque de propagation du virus en zone rurale.<\/p>\n<p>Pour contribuer \u00e0 freiner la propagation, l&#039;ADRA a apport\u00e9 son soutien aux centres de vaccination dans des r\u00e9gions comme l&#039;\u00c9tat du Bihar. En trois jours, plus de 500 doses de vaccin ont \u00e9t\u00e9 distribu\u00e9es.<\/p>\n<p>De plus, ADRA Canada, en collaboration avec ADRA International et d&#039;autres partenaires, dont ADRA Inde, a r\u00e9alis\u00e9\u00a0:<\/p>\n<ul>\n<li>\u00c9quipements de production d&#039;oxyg\u00e8ne pour les h\u00f4pitaux et cliniques de Surat, Shimla, Hapur, Bangalore, Pune et Nuzvid.<\/li>\n<li>3 000 kits d&#039;\u00e9quipements de protection individuelle<\/li>\n<li>Trois ventilateurs<\/li>\n<\/ul>\n<p>Merci de soutenir ADRA et le peuple indien pendant cette urgence.<\/p>","protected":false},"excerpt":{"rendered":"<p>Bien que toujours grave, la situation du COVID-19 en Inde continue de s&#039;am\u00e9liorer. Le d\u00e9compte des cas actifs \u00e0 travers l\u2019Inde le 22 juin a fait \u00e9tat d\u2019une r\u00e9duction nette de 26\u00a0356 cas actifs de COVID-19, portant le nombre \u00e0 657\u00a0173. Plusieurs \u00c9tats du pays ont commenc\u00e9 \u00e0 assouplir les couvre-feux alors que les cas continuent de baisser r\u00e9guli\u00e8rement. \u2026 En savoir plus<\/p>","protected":false},"author":10,"featured_media":92559,"comment_status":"close","ping_status":"open","sticky":false,"template":"","format":"standard","meta":{"wds_primary_category":19,"footnotes":""},"categories":[19],"tags":[121,106,116,145],"class_list":["post-92557","post","type-post","status-publish","format-standard","has-post-thumbnail","hentry","category-stories","tag-covid-19-response","tag-emergency-response","tag-india","tag-news-and-stories"],"_links":{"self":[{"href":"https:\/\/adra.ca\/fr\/wp-json\/wp\/v2\/posts\/92557","targetHints":{"allow":["GET"]}}],"collection":[{"href":"https:\/\/adra.ca\/fr\/wp-json\/wp\/v2\/posts"}],"about":[{"href":"https:\/\/adra.ca\/fr\/wp-json\/wp\/v2\/types\/post"}],"author":[{"embeddable":true,"href":"https:\/\/adra.ca\/fr\/wp-json\/wp\/v2\/users\/10"}],"replies":[{"embeddable":true,"href":"https:\/\/adra.ca\/fr\/wp-json\/wp\/v2\/comments?post=92557"}],"version-history":[{"count":0,"href":"https:\/\/adra.ca\/fr\/wp-json\/wp\/v2\/posts\/92557\/revisions"}],"wp:featuredmedia":[{"embeddable":true,"href":"https:\/\/adra.ca\/fr\/wp-json\/wp\/v2\/media\/92559"}],"wp:attachment":[{"href":"https:\/\/adra.ca\/fr\/wp-json\/wp\/v2\/media?parent=92557"}],"wp:term":[{"taxonomy":"category","embeddable":true,"href":"https:\/\/adra.ca\/fr\/wp-json\/wp\/v2\/categories?post=92557"},{"taxonomy":"post_tag","embeddable":true,"href":"https:\/\/adra.ca\/fr\/wp-json\/wp\/v2\/tags?post=92557"}],"curies":[{"name":"wp","href":"https:\/\/api.w.org\/{rel}","templated":true}]}}