{"id":92579,"date":"2021-05-17T14:11:20","date_gmt":"2021-05-17T18:11:20","guid":{"rendered":"https:\/\/devsite.adra.ca\/?p=92579"},"modified":"2023-08-02T19:46:19","modified_gmt":"2023-08-02T23:46:19","slug":"a-happy-face","status":"publish","type":"post","link":"https:\/\/adra.ca\/fr\/stories\/a-happy-face\/","title":{"rendered":"Un visage heureux"},"content":{"rendered":"<\/p>\n<p><\/p>\n<p><span data-contrast=\"auto\">Haut dans les montagnes du P\u00e9rou, se trouve la communaut\u00e9 de\u00a0<\/span><span data-contrast=\"auto\">Chil\u00e7a<\/span><span data-contrast=\"auto\">.\u00a0<\/span><span data-contrast=\"auto\">\u00c9loign\u00e9 et impitoyable,\u00a0<\/span><span data-contrast=\"auto\">\u00e0 13 500-15 500 pieds au-dessus du niveau de la mer,\u00a0<\/span><span data-contrast=\"auto\">le\u00a0<\/span><span data-contrast=\"auto\">la temp\u00e9rature peut rapidement descendre jusqu\u2019\u00e0 -5 degr\u00e9s.\u00a0<\/span><span data-contrast=\"auto\">Ces temp\u00e9ratures glaciales am\u00e8nent\u00a0<\/span><span data-contrast=\"auto\">pluie neige<\/span><span data-contrast=\"auto\">, et des vents violents qui\u00a0<\/span><span data-contrast=\"auto\">n\u00e9gativement\u00a0<\/span><span data-contrast=\"auto\">affecter<\/span><span data-contrast=\"auto\">\u00a0le<\/span><span data-contrast=\"auto\">\u00a0la sant\u00e9 des habitants locaux<\/span><span data-contrast=\"auto\">.\u00a0\u00a0<\/span><span data-contrast=\"auto\">Le H<\/span><span data-contrast=\"auto\">Les conditions difficiles exacerbent les vuln\u00e9rabilit\u00e9s<\/span><span data-contrast=\"auto\">,\u00a0<\/span><span data-contrast=\"auto\">surtout pour les tr\u00e8s jeunes et\u00a0<\/span><span data-contrast=\"auto\">le\u00a0<\/span><span data-contrast=\"auto\">tr\u00e8s vieux.\u00a0\u00a0<\/span><span data-ccp-props=\"{\" 201341983=\"201341983\">\u00a0<\/span><\/p>\n<p><span data-contrast=\"auto\">Avec<\/span><span data-contrast=\"auto\">\u00a0leur<\/span><span data-contrast=\"auto\">\u00a0pr\u00e9caire<\/span><span data-contrast=\"auto\">\u00a0situation \u00e9conomique<\/span><span data-contrast=\"auto\">\u00a0aggrav\u00e9s par la pand\u00e9mie de COVID-19, rares sont ceux qui ont<\/span><span data-contrast=\"auto\">\u00a0des v\u00eatements chauds et ad\u00e9quats<\/span><span data-contrast=\"auto\">. T<\/span><span data-contrast=\"auto\">l&#039;\u00e9levage de cam\u00e9lid\u00e9s sud-am\u00e9ricains<\/span><span data-contrast=\"auto\">\u00a0tel que\u00a0<\/span><span data-contrast=\"auto\">lamas, alpagas, vigognes<\/span><span data-contrast=\"auto\">,<\/span><span data-contrast=\"auto\">\u00a0et les guanacos<\/span><span data-contrast=\"auto\">\u00a0est la principale activit\u00e9 \u00e9conomique. Mais chaque ann\u00e9e,\u00a0<\/span><span data-contrast=\"auto\">des milliers de morts d&#039;animaux\u00a0<\/span><span data-contrast=\"auto\">sont\u00a0<\/span><span data-contrast=\"auto\">signal\u00e9 en raison de\u00a0<\/span><span data-contrast=\"auto\">le\u00a0<\/span><span data-contrast=\"auto\">un froid extr\u00eame ou une p\u00e9nurie de fourrage, ce qui est leur\u00a0<\/span><span data-contrast=\"auto\">primaire<\/span><span data-contrast=\"auto\">\u00a0nourriture.<\/span><span data-contrast=\"auto\">\u00a0En cons\u00e9quence, peu\u00a0<\/span><span data-contrast=\"auto\">des familles\u00a0<\/span><span data-contrast=\"auto\">sont capables de<\/span><span data-contrast=\"auto\">\u00a0<\/span><span data-contrast=\"auto\">briser le cycle de la pauvret\u00e9.\u00a0\u00a0<\/span><span data-ccp-props=\"{\" 201341983=\"201341983\">\u00a0<\/span><\/p>\n<p><span data-contrast=\"auto\">Mario a 32 ans<\/span><span data-contrast=\"auto\">. Lui et sa femme de 30 ans<\/span><span data-contrast=\"auto\">\u00a0<\/span><span data-contrast=\"auto\">M\u00e9daille<\/span><span data-contrast=\"auto\">, 10 ans<\/span><span data-contrast=\"auto\">\u00a0<\/span><span data-contrast=\"auto\">fille<\/span><span data-contrast=\"auto\">\u00a0Luc\u00e9ro<\/span><span data-contrast=\"auto\">, et sa fille d&#039;un an <\/span><span data-contrast=\"auto\">Abiga\u00efl<\/span><span data-contrast=\"auto\">\u00a0vivre dans\u00a0<\/span><span data-contrast=\"auto\">une petite maison dans\u00a0<\/span><span data-contrast=\"auto\">Chil\u00e7a<\/span><span data-contrast=\"auto\">.<\/span><span data-contrast=\"auto\">\u00a0<\/span><span data-ccp-props=\"{\" 201341983=\"201341983\">\u00a0<\/span><\/p>\n<div><span class=\"fusion-imageframe imageframe-none imageframe-143 hover-type-none\"><img fetchpriority=\"high\" decoding=\"async\" width=\"700\" height=\"441\" title=\"ADRA aide \u00e0 construire des maisons au P\u00e9rou\" src=\"https:\/\/devsite.adra.ca\/wp-content\/uploads\/2021\/05\/The-Happy-Face.jpg\" alt class=\"img-responsive wp-image-69022\" srcset=\"https:\/\/www.adra.ca\/wp-content\/uploads\/2021\/05\/The-Happy-Face-200x126.jpg 200w, https:\/\/www.adra.ca\/wp-content\/uploads\/2021\/05\/The-Happy-Face-400x252.jpg 400w, https:\/\/www.adra.ca\/wp-content\/uploads\/2021\/05\/The-Happy-Face-600x378.jpg 600w, https:\/\/devsite.adra.ca\/wp-content\/uploads\/2021\/05\/The-Happy-Face.jpg 700w\" sizes=\"(max-width: 1032px) 100vw, (max-width: 525px) 100vw, 600px\" \/><\/span><\/div>\n<div><span class=\"fusion-imageframe imageframe-none imageframe-144 hover-type-none\"><img decoding=\"async\" width=\"701\" height=\"441\" title=\"ADRA aide \u00e0 construire une maison chaleureuse au P\u00e9rou\" data-src=\"https:\/\/devsite.adra.ca\/wp-content\/uploads\/2021\/05\/Installing-a-solar-window.jpg\" alt class=\"img-responsive wp-image-69021 lazyload\" data-srcset=\"https:\/\/www.adra.ca\/wp-content\/uploads\/2021\/05\/Installing-a-solar-window-200x126.jpg 200w, https:\/\/www.adra.ca\/wp-content\/uploads\/2021\/05\/Installing-a-solar-window-400x252.jpg 400w, https:\/\/www.adra.ca\/wp-content\/uploads\/2021\/05\/Installing-a-solar-window-600x377.jpg 600w, https:\/\/devsite.adra.ca\/wp-content\/uploads\/2021\/05\/Installing-a-solar-window.jpg 701w\" data-sizes=\"(max-width: 1032px) 100vw, (max-width: 525px) 100vw, 600px\" src=\"data:image\/svg+xml;base64,PHN2ZyB3aWR0aD0iMSIgaGVpZ2h0PSIxIiB4bWxucz0iaHR0cDovL3d3dy53My5vcmcvMjAwMC9zdmciPjwvc3ZnPg==\" style=\"--smush-placeholder-width: 701px; --smush-placeholder-aspect-ratio: 701\/441;\" \/><\/span><\/div>\n<p><span data-contrast=\"auto\">Avant\u00a0<\/span><span data-contrast=\"auto\">ADRA dans les maisons chaleureuses du P\u00e9rou au Canada\u00a0<\/span><span data-contrast=\"auto\">projet,\u00a0<\/span><span data-contrast=\"auto\">Mario et\u00a0<\/span><span data-contrast=\"auto\">Medalit&#039;s<\/span><span data-contrast=\"auto\">\u00a0<\/span><span data-contrast=\"auto\">maison<\/span><span data-contrast=\"auto\">\u00a0<\/span><span data-contrast=\"auto\">avait\u00a0<\/span><span data-contrast=\"auto\">Non\u00a0<\/span><span data-contrast=\"auto\">appropri\u00e9\u00a0<\/span><span data-contrast=\"auto\">chauffage au sol<\/span><span data-contrast=\"auto\">,<\/span><span data-contrast=\"auto\">\u00a0ou l&#039;\u00e9lectricit\u00e9.\u00a0<\/span><span data-contrast=\"auto\">Le<\/span><span data-contrast=\"auto\">Je n\u2019avais pas d\u2019eau potable ni de toilettes. Leur po\u00eale \u00e9tait un four traditionnel qui n\u2019avait pas d\u2019\u00e9vacuation vers l\u2019ext\u00e9rieur. Chaque fois qu&#039;ils cuisinaient, leur maison se remplissait de fum\u00e9e. <\/span><span data-contrast=\"auto\">En cons\u00e9quence, leur<\/span><span data-contrast=\"auto\">\u00a0sant\u00e9\u00a0<\/span><span data-contrast=\"auto\">\u00e9tait<\/span><span data-contrast=\"auto\">\u00a0gravement touch\u00e9 par des infections respiratoires aigu\u00ebs et des pneumonies.\u00a0<\/span><span data-ccp-props=\"{\" 201341983=\"201341983\">\u00a0<\/span><\/p>\n<p><span data-contrast=\"auto\">Avec l&#039;arriv\u00e9e du projet Warm Houses, Mario s&#039;est senti\u00a0<\/span><span data-contrast=\"auto\">le<\/span><span data-contrast=\"auto\">\u00a0une lueur d&#039;espoir. L&#039;\u00e9quipe de sp\u00e9cialistes d&#039;ADRA a travaill\u00e9 pour am\u00e9liorer consid\u00e9rablement leur\u00a0<\/span><span data-contrast=\"auto\">maison<\/span><span data-contrast=\"auto\">\u00a0en installant un parquet, une deuxi\u00e8me toiture, un chauffage solaire<\/span><span data-contrast=\"auto\">,<\/span><span data-contrast=\"auto\">\u00a0et un T<\/span><span data-contrast=\"auto\">rombe<\/span><span data-contrast=\"auto\">1<\/span><span data-contrast=\"auto\">\u00a0<\/span><span data-contrast=\"auto\">fen\u00eatre dans la chambre. ADRA a \u00e9galement install\u00e9 une nouvelle cuisini\u00e8re avec une ventilation ad\u00e9quate. Ces changements ont rendu leur maison plus chaleureuse. Le\u00a0<\/span><span data-contrast=\"auto\">temp\u00e9rature dans le\u00a0<\/span><span data-contrast=\"auto\">La temp\u00e9rature de la chambre \u00e0 coucher, o\u00f9 dort toute la famille de Mario, a augment\u00e9 jusqu&#039;\u00e0 10 degr\u00e9s Celsius.\u00a0<\/span><span data-ccp-props=\"{\" 201341983=\"201341983\">\u00a0<\/span><\/p>\n<p><i><span data-contrast=\"auto\">\u00ab Avant le projet, nous utilisions\u00a0<\/span><\/i><i><span data-contrast=\"auto\">six<\/span><\/i><i><span data-contrast=\"auto\">\u00a0pour\u00a0<\/span><\/i><i><span data-contrast=\"auto\">Sept<\/span><\/i><i><span data-contrast=\"auto\">\u00a0des couvertures dans nos lits, et il \u00e9tait toujours difficile de se r\u00e9chauffer,<\/span><\/i><span data-contrast=\"auto\">\u00a0<\/span><span data-contrast=\"auto\">M\u00e9daille<\/span><span data-contrast=\"auto\">\u00a0expliqu\u00e9.\u00a0<\/span><i><span data-contrast=\"auto\">\u00ab Mais maintenant, comme le chauffe-eau solaire fonctionne toute la journ\u00e9e, il chauffe toute la pi\u00e8ce, qui est tr\u00e8s herm\u00e9tique, ce qui nous permet de n&#039;utiliser que\u00a0<\/span><\/i><i><span data-contrast=\"auto\">trois<\/span><\/i><i><span data-contrast=\"auto\">\u00a0ou\u00a0<\/span><\/i><i><span data-contrast=\"auto\">quatre<\/span><\/i><i><span data-contrast=\"auto\">\u00a0couvertures la nuit. C&#039;est aussi merveilleux d&#039;avoir de la lumi\u00e8re dans la maison et de faire nos activit\u00e9s en toute s\u00e9curit\u00e9 la nuit. Avant, on \u00e9clairait la maison de mani\u00e8re artisanale en utilisant de la graisse dans un pot avec un peu de laine d&#039;alpaga comme combustible. C&#039;\u00e9tait tr\u00e8s nocif pour nos yeux. Le syst\u00e8me de panneaux solaires install\u00e9 a r\u00e9solu ce probl\u00e8me. Ma fille peut d\u00e9sormais lire son livre d&#039;images et faire ses devoirs. Mon mari et moi pouvons continuer \u00e0 tricoter \u00e0 la main un pull, un poncho<\/span><\/i><i><span data-contrast=\"auto\">,<\/span><\/i><i><span data-contrast=\"auto\">\u00a0et d\u2019autres choses pour garder la famille au chaud.\u00a0<\/span><\/i><span data-ccp-props=\"{\" 201341983=\"201341983\">\u00a0<\/span><\/p>\n<p><span data-contrast=\"auto\">Aujourd&#039;hui, la maison de Mario a de multiples visages. Mario dit<\/span><i><span data-contrast=\"auto\">Ces visages repr\u00e9sentent les diff\u00e9rentes \u00e9tapes de ma vie. Ils repr\u00e9sentent la tristesse et la col\u00e8re avant le projet, et maintenant, apr\u00e8s le projet, un visage heureux. Merci, ADRA.<\/span><\/i><span data-ccp-props=\"{\" 201341983=\"201341983\">\u00a0<\/span><\/p>","protected":false},"excerpt":{"rendered":"<p>Haut dans les montagnes du P\u00e9rou, se trouve la communaut\u00e9 de Chilca. Isol\u00e9e et impitoyable, entre 13 500 et 15 500 pieds d&#039;altitude, la temp\u00e9rature peut rapidement chuter jusqu&#039;\u00e0 -5 degr\u00e9s. Ces temp\u00e9ratures glaciales entra\u00eenent de la pluie, de la neige et des vents violents qui nuisent \u00e0 la sant\u00e9 des habitants locaux. Les conditions difficiles exacerbent les vuln\u00e9rabilit\u00e9s, en particulier chez les tr\u00e8s jeunes et les personnes tr\u00e8s \u00e2g\u00e9es. Avec leur situation \u00e9conomique pr\u00e9caire aggrav\u00e9e par la pand\u00e9mie de COVID-19, rares sont ceux qui \u2026 lire la suite<\/p>","protected":false},"author":10,"featured_media":92581,"comment_status":"close","ping_status":"open","sticky":false,"template":"","format":"standard","meta":{"wds_primary_category":19,"footnotes":""},"categories":[19],"tags":[122,102,145,127],"class_list":["post-92579","post","type-post","status-publish","format-standard","has-post-thumbnail","hentry","category-stories","tag-climate-action","tag-health","tag-news-and-stories","tag-peru"],"_links":{"self":[{"href":"https:\/\/adra.ca\/fr\/wp-json\/wp\/v2\/posts\/92579","targetHints":{"allow":["GET"]}}],"collection":[{"href":"https:\/\/adra.ca\/fr\/wp-json\/wp\/v2\/posts"}],"about":[{"href":"https:\/\/adra.ca\/fr\/wp-json\/wp\/v2\/types\/post"}],"author":[{"embeddable":true,"href":"https:\/\/adra.ca\/fr\/wp-json\/wp\/v2\/users\/10"}],"replies":[{"embeddable":true,"href":"https:\/\/adra.ca\/fr\/wp-json\/wp\/v2\/comments?post=92579"}],"version-history":[{"count":0,"href":"https:\/\/adra.ca\/fr\/wp-json\/wp\/v2\/posts\/92579\/revisions"}],"wp:featuredmedia":[{"embeddable":true,"href":"https:\/\/adra.ca\/fr\/wp-json\/wp\/v2\/media\/92581"}],"wp:attachment":[{"href":"https:\/\/adra.ca\/fr\/wp-json\/wp\/v2\/media?parent=92579"}],"wp:term":[{"taxonomy":"category","embeddable":true,"href":"https:\/\/adra.ca\/fr\/wp-json\/wp\/v2\/categories?post=92579"},{"taxonomy":"post_tag","embeddable":true,"href":"https:\/\/adra.ca\/fr\/wp-json\/wp\/v2\/tags?post=92579"}],"curies":[{"name":"wp","href":"https:\/\/api.w.org\/{rel}","templated":true}]}}