{"id":92602,"date":"2021-03-04T16:01:08","date_gmt":"2021-03-04T21:01:08","guid":{"rendered":"https:\/\/devsite.adra.ca\/?p=92602"},"modified":"2023-08-10T17:41:08","modified_gmt":"2023-08-10T21:41:08","slug":"in-our-backyard","status":"publish","type":"post","link":"https:\/\/adra.ca\/fr\/stories\/in-our-backyard\/","title":{"rendered":"Dans notre arri\u00e8re-cour"},"content":{"rendered":"<p>Avec le d\u00e9but de la pand\u00e9mie de COVID-19, F. Edgar Nunes, pasteur de l\u2019\u00c9glise adventiste du septi\u00e8me jour de Kingston, se demandait\u00a0: <em>\u00ab Que peut faire mon \u00e9glise de plus pour aider les personnes dans le besoin ? Nous distribuons autant de colis alimentaires que nos ressources le permettent. Mais ces ressources sont limit\u00e9es. Que pouvons-nous faire de plus ? \u00bb<\/em><\/p>\n<p>Alors qu\u2019il regardait la vaste \u00e9tendue de verdure entourant l\u2019\u00e9glise, une pens\u00e9e commen\u00e7a \u00e0 prendre forme. <em>\u00ab Nous pouvons aider nos voisins \u00e0 s&#039;aider eux-m\u00eames. Nous pouvons aider nos voisins et la communaut\u00e9 de Kingston en mettant \u00e0 disposition notre grande pelouse inutilis\u00e9e pour en faire un jardin communautaire. \u00bb<\/em><\/p>\n<p><span data-contrast=\"auto\">Apr\u00e8s m\u00fbre r\u00e9flexion et recherches approfondies, l&#039;\u00e9glise a d\u00e9cid\u00e9 de construire des jardins sur\u00e9lev\u00e9s. Chaque jardin sur\u00e9lev\u00e9 co\u00fbterait environ 1 400 000 TP, pour les cadres en bois et la terre v\u00e9g\u00e9tale. Des charpentiers locaux ont confirm\u00e9 que les unit\u00e9s pourraient \u00eatre construites et livr\u00e9es en dix jours. Sachant que les jardins pourraient \u00eatre pr\u00eats \u00e0 \u00eatre plant\u00e9s d\u00e8s la mi-juin et r\u00e9colt\u00e9s tout au long de l&#039;\u00e9t\u00e9 et de l&#039;automne, l&#039;\u00e9glise a contact\u00e9 ADRA.<\/span><span data-contrast=\"auto\">\u00a0pour aider aux frais<\/span><span data-contrast=\"auto\">.<\/span><span data-ccp-props=\"{\">\u00a0<\/span><\/p>\n<p><span data-contrast=\"auto\">C&#039;est toujours une b\u00e9n\u00e9diction de recevoir ces demandes, de voir des \u00e9glises et des groupes locaux s&#039;efforcer activement d&#039;\u00eatre les mains et les pieds du Christ. ADRA a examin\u00e9 cette demande et y a vu Dieu, tandis que nous aussi cherchions \u00e0\u2026\u00a0<\/span><span data-contrast=\"auto\">participer \u00e0 davantage de projets canadiens<\/span><span data-contrast=\"auto\">. Et juste \u00e0 ce moment-l\u00e0, Dieu a pourvu une \u00e9glise dispos\u00e9e \u00e0 \u00eatre le premier partenaire dans notre \u00ab arri\u00e8re-cour \u00bb, pour ainsi dire.\u00a0\u00a0<\/span><\/p>\n<p><span data-contrast=\"auto\">En partenariat avec les membres de la communaut\u00e9,\u00a0<\/span><span data-contrast=\"auto\">le\u00a0<\/span><span data-contrast=\"auto\">Kingston\u00a0<\/span><span data-contrast=\"auto\">c<\/span><span data-contrast=\"auto\">L&#039;\u00e9glise a travaill\u00e9 tout l&#039;\u00e9t\u00e9 pour cultiver et r\u00e9colter plusieurs centaines de livres de nourriture \u00e0 partager avec une banque alimentaire locale,<\/span><span data-contrast=\"auto\">\u00a0<\/span><span data-contrast=\"auto\">cuisine communautaire et familles dans le besoin. Tout au long de la r\u00e9colte d\u2019automne, d\u2019abondantes quantit\u00e9s de tomates, de choux verts, d\u2019aubergines, de pommes de terre, d\u2019ail, d\u2019oignons, de courges et de citrouilles ont tous trouv\u00e9 leur chemin vers les tables dans le besoin.<\/span><span data-ccp-props=\"{\">\u00a0<\/span><\/p>\n<p><span data-contrast=\"auto\">Un membre participant de la communaut\u00e9 de Kingston qui\u00a0<\/span><span data-contrast=\"auto\">avait\u00a0<\/span><span data-contrast=\"auto\">a adopt\u00e9 un lit de jardin et a remarqu\u00e9 qu&#039;il\u00a0<\/span><span data-contrast=\"auto\">avait\u00a0<\/span><span data-contrast=\"auto\">vivait dans le quartier depuis plus de 25 ans et\u00a0<\/span><i><span data-contrast=\"auto\">\u00ab n\u2019avait jamais mis les pieds sur la propri\u00e9t\u00e9 de l\u2019\u00e9glise ni n\u2019\u00e9tait venu \u00e0 l\u2019\u00e9glise. \u00bb<\/span><\/i><span data-contrast=\"auto\">\u00a0Cette exp\u00e9rience est malheureusement trop fr\u00e9quente dans nos communaut\u00e9s eccl\u00e9siales locales. Mais lorsque l&#039;enqu\u00eate sur les jardins communautaires a \u00e9t\u00e9 men\u00e9e pour \u00e9valuer l&#039;int\u00e9r\u00eat de la communaut\u00e9, il a manifest\u00e9 son d\u00e9sir d&#039;y participer et a adopt\u00e9 un jardin.<\/span><span data-contrast=\"auto\">,<\/span><span data-contrast=\"auto\">\u00a0et lorsqu&#039;on l&#039;a interrog\u00e9 sur son exp\u00e9rience, il a r\u00e9pondu et a dit\u00a0:\u00a0<\/span><i><span data-contrast=\"auto\">\u00ab Cela a donn\u00e9 un nouveau visage \u00e0 l\u2019\u00c9glise ! \u00bb<\/span><\/i><span data-contrast=\"auto\">\u00a0\u00a0<\/span><span data-ccp-props=\"{\">\u00a0<\/span><\/p>\n<div><span class=\"fusion-imageframe imageframe-none imageframe-151 hover-type-none\"><img fetchpriority=\"high\" decoding=\"async\" class=\"img-responsive wp-image-67854 aligncenter\" title=\"Bo\u00eetes de jardin d\u2019ADRA Canada\" src=\"https:\/\/devsite.adra.ca\/wp-content\/uploads\/2021\/03\/20200719_192641.jpg\" sizes=\"(max-width: 1032px) 100vw, (max-width: 525px) 100vw, 600px\" srcset=\"https:\/\/www.adra.ca\/wp-content\/uploads\/2021\/03\/20200719_192641-200x126.jpg 200w, https:\/\/www.adra.ca\/wp-content\/uploads\/2021\/03\/20200719_192641-400x252.jpg 400w, https:\/\/www.adra.ca\/wp-content\/uploads\/2021\/03\/20200719_192641-600x378.jpg 600w, https:\/\/devsite.adra.ca\/wp-content\/uploads\/2021\/03\/20200719_192641.jpg 700w\" alt=\"ADRA Canada Garden Boxes\" width=\"700\" height=\"441\" \/><\/span><\/div>\n<div><span class=\"fusion-imageframe imageframe-none imageframe-152 hover-type-none\"><img decoding=\"async\" class=\"img-responsive wp-image-67855 aligncenter lazyload\" title=\"Tomates d&#039;ADRA Canada\" data-src=\"https:\/\/devsite.adra.ca\/wp-content\/uploads\/2021\/03\/20200816_190555.jpg\" data-sizes=\"(max-width: 1032px) 100vw, (max-width: 525px) 100vw, 600px\" data-srcset=\"https:\/\/www.adra.ca\/wp-content\/uploads\/2021\/03\/20200816_190555-200x126.jpg 200w, https:\/\/www.adra.ca\/wp-content\/uploads\/2021\/03\/20200816_190555-400x252.jpg 400w, https:\/\/www.adra.ca\/wp-content\/uploads\/2021\/03\/20200816_190555-600x378.jpg 600w, https:\/\/devsite.adra.ca\/wp-content\/uploads\/2021\/03\/20200816_190555.jpg 700w\" alt=\"ADRA Canada Tomatoes\" width=\"700\" height=\"441\" src=\"data:image\/svg+xml;base64,PHN2ZyB3aWR0aD0iMSIgaGVpZ2h0PSIxIiB4bWxucz0iaHR0cDovL3d3dy53My5vcmcvMjAwMC9zdmciPjwvc3ZnPg==\" style=\"--smush-placeholder-width: 700px; --smush-placeholder-aspect-ratio: 700\/441;\" \/><\/span><\/div>\n<p><span data-contrast=\"auto\">M<\/span><span data-contrast=\"auto\">toutes les \u00e9glises ont des propri\u00e9t\u00e9s<\/span><span data-contrast=\"auto\">ies qui pourraient \u00eatre utilis\u00e9es pour r\u00e9pondre aux besoins des familles<\/span><span data-contrast=\"auto\">\u00a0dans leurs communaut\u00e9s.\u00a0\u00a0<\/span><span data-contrast=\"auto\">Malgr\u00e9 la pand\u00e9mie de COVID-19, o<\/span><span data-contrast=\"auto\">vos lieux de culte peuvent rester connect\u00e9s \u00e0 la communaut\u00e9 et rester pertinents\u00a0<\/span><span data-contrast=\"auto\">pendant<\/span><span data-contrast=\"auto\">\u00a0cette p\u00e9riode difficile.\u00a0<\/span><span data-contrast=\"auto\">Le\u00a0<\/span><span data-contrast=\"auto\">Kingston\u00a0<\/span><span data-contrast=\"auto\">c<\/span><span data-contrast=\"auto\">Hurch le d\u00e9montre\u00a0<\/span><span data-contrast=\"auto\">approche centr\u00e9e sur la communaut\u00e9<\/span><span data-contrast=\"auto\">, et le programme canadien d&#039;ADRA aimerait le recommander d&#039;un oc\u00e9an \u00e0 l&#039;autre.\u00a0\u00a0<\/span><span data-ccp-props=\"{\">\u00a0<\/span><\/p>\n<p><span data-contrast=\"auto\">Pouvons-nous\u00a0<\/span><span data-contrast=\"auto\">tous s&#039;efforcent de\u00a0<\/span><span data-contrast=\"auto\">donner un \u00ab nouveau visage \u00bb \u00e0 toutes nos \u00e9glises qui conduira finalement les individus \u00e0 Celui qu\u2019ils pourront conna\u00eetre et voir, un jour, face \u00e0 face.<\/span><span data-ccp-props=\"{\">\u00a0<\/span><\/p>\n<p><span data-ccp-props=\"{\">\u00a0<\/span><\/p>","protected":false},"excerpt":{"rendered":"<p>Avec le d\u00e9but de la pand\u00e9mie de COVID-19, F. Edgar Nunes, pasteur de l\u2019\u00c9glise adventiste du septi\u00e8me jour de Kingston, se demandait : \u00ab Que peut faire de plus mon \u00e9glise pour aider ceux qui en ont besoin ? Nous distribuons autant de colis alimentaires que nos ressources le permettent. Mais ces ressources sont limit\u00e9es. Que pouvons-nous de plus \u2026 lire la suite<\/p>","protected":false},"author":10,"featured_media":92604,"comment_status":"close","ping_status":"open","sticky":false,"template":"","format":"standard","meta":{"wds_primary_category":19,"footnotes":""},"categories":[19],"tags":[108,112,117,145],"class_list":["post-92602","post","type-post","status-publish","format-standard","has-post-thumbnail","hentry","category-stories","tag-canada","tag-food-and-nutrition","tag-messenger","tag-news-and-stories"],"_links":{"self":[{"href":"https:\/\/adra.ca\/fr\/wp-json\/wp\/v2\/posts\/92602","targetHints":{"allow":["GET"]}}],"collection":[{"href":"https:\/\/adra.ca\/fr\/wp-json\/wp\/v2\/posts"}],"about":[{"href":"https:\/\/adra.ca\/fr\/wp-json\/wp\/v2\/types\/post"}],"author":[{"embeddable":true,"href":"https:\/\/adra.ca\/fr\/wp-json\/wp\/v2\/users\/10"}],"replies":[{"embeddable":true,"href":"https:\/\/adra.ca\/fr\/wp-json\/wp\/v2\/comments?post=92602"}],"version-history":[{"count":0,"href":"https:\/\/adra.ca\/fr\/wp-json\/wp\/v2\/posts\/92602\/revisions"}],"wp:featuredmedia":[{"embeddable":true,"href":"https:\/\/adra.ca\/fr\/wp-json\/wp\/v2\/media\/92604"}],"wp:attachment":[{"href":"https:\/\/adra.ca\/fr\/wp-json\/wp\/v2\/media?parent=92602"}],"wp:term":[{"taxonomy":"category","embeddable":true,"href":"https:\/\/adra.ca\/fr\/wp-json\/wp\/v2\/categories?post=92602"},{"taxonomy":"post_tag","embeddable":true,"href":"https:\/\/adra.ca\/fr\/wp-json\/wp\/v2\/tags?post=92602"}],"curies":[{"name":"wp","href":"https:\/\/api.w.org\/{rel}","templated":true}]}}