{"id":92739,"date":"2020-05-28T12:57:23","date_gmt":"2020-05-28T16:57:23","guid":{"rendered":"https:\/\/devsite.adra.ca\/?p=92739"},"modified":"2023-08-03T17:14:17","modified_gmt":"2023-08-03T21:14:17","slug":"supporting-the-vulnerable","status":"publish","type":"post","link":"https:\/\/adra.ca\/fr\/stories\/supporting-the-vulnerable\/","title":{"rendered":"Soutenir les personnes vuln\u00e9rables"},"content":{"rendered":"<p><img fetchpriority=\"high\" decoding=\"async\" class=\"alignleft wp-image-63054\" src=\"https:\/\/adra.ca\/wp-content\/uploads\/2020\/05\/In-the-Marketplace-375x500-1.jpg\" alt=\"\" width=\"308\" height=\"411\">Le 15 mars 2020, en r\u00e9ponse au nombre croissant d&#039;infections et de d\u00e9c\u00e8s li\u00e9s au COVID-19 dans le monde, le gouvernement indon\u00e9sien a demand\u00e9 \u00e0 tous ses citoyens de limiter les activit\u00e9s \u00e0 l&#039;ext\u00e9rieur de leur domicile afin de contenir le virus.<\/p>\n<p>Les \u00e9quipements de protection individuelle sont rares et le syst\u00e8me de sant\u00e9 serait incapable de faire face \u00e0 une pand\u00e9mie non ma\u00eetris\u00e9e.<\/p>\n<p>Cependant, face \u00e0 une famine certaine ou \u00e0 une infection potentielle, de nombreux Indon\u00e9siens ont choisi de continuer \u00e0 travailler.<\/p>\n<p>De nombreux vendeurs de rue sont des personnes \u00e2g\u00e9es dont les kiosques alimentaires soutiennent leurs familles. Le revenu qu&#039;ils gagnent peut suffire \u00e0 subvenir aux besoins de leur famille pour la journ\u00e9e. Ils luttent dans le meilleur des cas.<\/p>\n<p>La plupart des march\u00e9s traditionnels ne sont pas hygi\u00e9niques. Les installations sanitaires ad\u00e9quates telles que les toilettes et les zones de lavage des mains sont limit\u00e9es. Ces zones \u00e0 fort trafic pr\u00e9sentent un risque accru de transmission et d&#039;infection potentielles.<\/p>\n<p>Mme Daratolona a plus de 70 ans. Avec son mari, elle vit dans un village isol\u00e9 \u00e0 plus de 20 kilom\u00e8tres du march\u00e9 o\u00f9 elle vend le jeune rotin que son mari cueille dans la for\u00eat pr\u00e8s de chez eux.<\/p>\n<p>Le rotin est le nom commun donn\u00e9 \u00e0 de nombreuses esp\u00e8ces de palmiers grimpants utilis\u00e9s pour fabriquer des meubles en Indon\u00e9sie.<\/p>\n<p>Un jour de march\u00e9 normal, Mme Daratolona vend deux bottes de rotin. Chaque botte co\u00fbte 25\u00a0000 TP, soit 2,30 CAD. Le march\u00e9 n&#039;\u00e9tant ouvert que deux fois par semaine, le revenu familial n&#039;est que d&#039;environ 9,20 CAD par semaine. Sans soutien ext\u00e9rieur, l&#039;isolement \u00e0 domicile serait impossible.<\/p>\n<p><img decoding=\"async\" width=\"2560\" height=\"1707\" data-src=\"https:\/\/adra.ca\/wp-content\/uploads\/2020\/05\/Mr-and-Mrs-Daratolona-scaled-1.jpg\" alt=\"\" class=\"img-responsive wp-image-63055 lazyload\" src=\"data:image\/svg+xml;base64,PHN2ZyB3aWR0aD0iMSIgaGVpZ2h0PSIxIiB4bWxucz0iaHR0cDovL3d3dy53My5vcmcvMjAwMC9zdmciPjwvc3ZnPg==\" style=\"--smush-placeholder-width: 2560px; --smush-placeholder-aspect-ratio: 2560\/1707;\"><\/p>\n<p><img decoding=\"async\" width=\"2560\" height=\"1734\" data-src=\"https:\/\/adra.ca\/wp-content\/uploads\/2020\/05\/Selling-Rattan-cropped-scaled-e1590684566178.jpg\" alt=\"\" class=\"img-responsive wp-image-63059 lazyload\" src=\"data:image\/svg+xml;base64,PHN2ZyB3aWR0aD0iMSIgaGVpZ2h0PSIxIiB4bWxucz0iaHR0cDovL3d3dy53My5vcmcvMjAwMC9zdmciPjwvc3ZnPg==\" style=\"--smush-placeholder-width: 2560px; --smush-placeholder-aspect-ratio: 2560\/1734;\"><\/p>\n<p>ADRA r\u00e9pond en Indon\u00e9sie avec un projet qui a permis aux personnes \u00e2g\u00e9es vuln\u00e9rables telles que Mme Daratolona de rester \u00e0 la maison pendant cette p\u00e9riode de crise.<\/p>\n<p>Quand ADRA a approch\u00e9 Mme Daratolona sur le march\u00e9, elle n&#039;avait pas entendu parler de COVID-19. Elle \u00e9tait reconnaissante qu&#039;ADRA travaillait pour la prot\u00e9ger, elle et les autres, de cette maladie.<\/p>\n<p>ADRA fournit une aide en esp\u00e8ces afin que les personnes \u00e0 risque puissent \u00e9viter en toute s\u00e9curit\u00e9 de passer leurs journ\u00e9es \u00e0 s&#039;occuper de leurs kiosques. Nous fournissons \u00e9galement des informations \u00e0 la communaut\u00e9 sur la mani\u00e8re de prot\u00e9ger leurs familles contre l&#039;infection.<\/p>\n<p>Nous sommes reconnaissants du soutien de nos g\u00e9n\u00e9reux donateurs. Vous aidez les communaut\u00e9s \u00e0 faire face pendant cette p\u00e9riode.<\/p>","protected":false},"excerpt":{"rendered":"<p>Le 15 mars 2020, en r\u00e9ponse au nombre croissant d&#039;infections et de d\u00e9c\u00e8s li\u00e9s au COVID-19 dans le monde, le gouvernement indon\u00e9sien a demand\u00e9 \u00e0 tous ses citoyens de limiter les activit\u00e9s \u00e0 l&#039;ext\u00e9rieur de leur domicile afin de contenir le virus. Les \u00e9quipements de protection individuelle sont rares et le syst\u00e8me de sant\u00e9 ne serait pas en mesure de \u2026 lire la suite<\/p>","protected":false},"author":10,"featured_media":92744,"comment_status":"close","ping_status":"open","sticky":false,"template":"","format":"standard","meta":{"wds_primary_category":19,"footnotes":""},"categories":[19],"tags":[106,129,145],"class_list":["post-92739","post","type-post","status-publish","format-standard","has-post-thumbnail","hentry","category-stories","tag-emergency-response","tag-indonesia","tag-news-and-stories"],"_links":{"self":[{"href":"https:\/\/adra.ca\/fr\/wp-json\/wp\/v2\/posts\/92739","targetHints":{"allow":["GET"]}}],"collection":[{"href":"https:\/\/adra.ca\/fr\/wp-json\/wp\/v2\/posts"}],"about":[{"href":"https:\/\/adra.ca\/fr\/wp-json\/wp\/v2\/types\/post"}],"author":[{"embeddable":true,"href":"https:\/\/adra.ca\/fr\/wp-json\/wp\/v2\/users\/10"}],"replies":[{"embeddable":true,"href":"https:\/\/adra.ca\/fr\/wp-json\/wp\/v2\/comments?post=92739"}],"version-history":[{"count":0,"href":"https:\/\/adra.ca\/fr\/wp-json\/wp\/v2\/posts\/92739\/revisions"}],"wp:featuredmedia":[{"embeddable":true,"href":"https:\/\/adra.ca\/fr\/wp-json\/wp\/v2\/media\/92744"}],"wp:attachment":[{"href":"https:\/\/adra.ca\/fr\/wp-json\/wp\/v2\/media?parent=92739"}],"wp:term":[{"taxonomy":"category","embeddable":true,"href":"https:\/\/adra.ca\/fr\/wp-json\/wp\/v2\/categories?post=92739"},{"taxonomy":"post_tag","embeddable":true,"href":"https:\/\/adra.ca\/fr\/wp-json\/wp\/v2\/tags?post=92739"}],"curies":[{"name":"wp","href":"https:\/\/api.w.org\/{rel}","templated":true}]}}