{"id":92832,"date":"2019-11-29T17:27:45","date_gmt":"2019-11-29T22:27:45","guid":{"rendered":"https:\/\/devsite.adra.ca\/?p=92832"},"modified":"2023-08-03T12:50:08","modified_gmt":"2023-08-03T16:50:08","slug":"operation-home-safe","status":"publish","type":"post","link":"https:\/\/adra.ca\/fr\/stories\/operation-home-safe\/","title":{"rendered":"Op\u00e9ration Home Safe"},"content":{"rendered":"<p>Au cours de la semaine du 10 novembre 2019, un emb\u00e2cle en aval de la communaut\u00e9 de la Premi\u00e8re Nation de Bearskin Lake a provoqu\u00e9 une crue rapide de la rivi\u00e8re et des lacs environnants. La communaut\u00e9 a d\u00e9clar\u00e9 l&#039;\u00e9tat d&#039;urgence et a \u00e9mis un ordre d&#039;\u00e9vacuation pour les 360 r\u00e9sidents.<\/p>\n<p>La Premi\u00e8re Nation de Bearskin Lake est accessible uniquement par avion ou par routes de glace. Trop t\u00f4t dans l&#039;ann\u00e9e pour circuler sur les routes de glace, les 360 r\u00e9sidents ont \u00e9t\u00e9 \u00e9vacu\u00e9s par avion vers Sioux Lookout et Thunder Bay.<\/p>\n<p>L&#039;ADRA a \u00e9t\u00e9 sollicit\u00e9e par Bearskin Lake pour participer aux efforts d&#039;intervention d&#039;urgence. Cette intervention a \u00e9t\u00e9 rendue possible en grande partie gr\u00e2ce \u00e0 un partenariat avec l&#039;Alliance ind\u00e9pendante des Premi\u00e8res Nations (AIPN) et au soutien de Services aux Autochtones Canada (SAC) de la r\u00e9gion de l&#039;Ontario.<\/p>\n<p>ADRA est intervenue \u00e0 Bearskin Lake en collaboration avec le Centre provincial des op\u00e9rations d&#039;urgence, des organisations f\u00e9d\u00e9rales et non gouvernementales telles que la Croix-Rouge et d&#039;autres agences, dont l&#039;IFNA, le Conseil des Premi\u00e8res Nations Windigo et la Nation Nishnawbe Aski.<\/p>\n<p>Daniel Saugh, responsable des programmes canadiens d&#039;ADRA, en collaboration avec Nicholas Rhone, b\u00e9n\u00e9vole d&#039;ADRA, a r\u00e9uni une \u00e9quipe de travailleurs qualifi\u00e9s qui s&#039;est rendue \u00e0 Bearskin Lake, \u00e0 la demande de la communaut\u00e9. Nicholas est \u00e9galement chef adjoint des pompiers et coordonnateur de la gestion des urgences communautaires pour la Premi\u00e8re Nation de Lac Seul. L&#039;op\u00e9ration \u00ab\u00a0Home Safe\u00a0\u00bb a \u00e9t\u00e9 lanc\u00e9e. L&#039;\u00e9quipe a proc\u00e9d\u00e9 \u00e0 des \u00e9valuations des domiciles et \u00e0 des inspections visuelles afin de v\u00e9rifier leur s\u00e9curit\u00e9, notamment les dangers potentiels, le chauffage, les fuites ou le gel des canalisations, les dommages aux \u00e9quipements, les soins aux animaux et la pr\u00e9paration de leur nourriture. Ces \u00e9valuations ont \u00e9t\u00e9 r\u00e9alis\u00e9es lors de rondes quotidiennes.<\/p>\n<p>ADRA a \u00e9tabli un centre de soutien aux op\u00e9rations d&#039;urgence \u00e0 Sioux Lookout pour garantir que les \u00e9quipes d&#039;urgence et les r\u00e9sidents encore \u00e0 Bearskin Lake re\u00e7oivent toutes leurs fournitures et tous leurs besoins.<\/p>\n<p>ADRA et ses partenaires continuent de soutenir la communaut\u00e9 jusqu&#039;\u00e0 ce que chaque personne \u00e9vacu\u00e9e soit rapatri\u00e9e chez elle.<\/p>\n<p>ADRA reconna\u00eet les efforts extraordinaires et le leadership du chef et du conseil de Bearskin Lake pendant cette p\u00e9riode. Les dirigeants locaux ont \u00e9galement exprim\u00e9 leur gratitude pour le travail accompli ensemble.<\/p>\n<p>Daniel Saugh, directeur des programmes canadiens d&#039;ADRA, partage les mots d&#039;un dirigeant local : <em>\u00ab Je ne sais pas comment vous remercier\u2026 Vous \u00eates le bienvenu \u00e0 tout moment. \u00bb<\/em><\/p>\n<p><em>\u00ab Nous sommes tr\u00e8s heureux d&#039;avoir apport\u00e9 soutien, assistance et pr\u00e9sence \u00e0 la communaut\u00e9 de la Premi\u00e8re Nation de Bearskin Lake \u00bb, d\u00e9clare Daniel. \u00ab Ils vivent dans notre propre pays. Nous avons eu l&#039;occasion de t\u00e9moigner de l&#039;amour de Dieu par notre compassion et notre bienveillance, en laissant sa lumi\u00e8re rayonner \u00e0 travers nous. \u00bb<\/em><\/p>\n<p>Votre soutien \u00e0 nos programmes canadiens rend des r\u00e9ponses comme celle-ci possibles. Merci!<\/p>\n<div class=\"fusion-clearfix\"><\/div>","protected":false},"excerpt":{"rendered":"<p>Au cours de la semaine du 10 novembre 2019, un emb\u00e2cle en aval de la communaut\u00e9 de la Premi\u00e8re Nation de Bearskin Lake a provoqu\u00e9 une crue rapide de la rivi\u00e8re et des lacs environnants. La communaut\u00e9 a d\u00e9clar\u00e9 l&#039;\u00e9tat d&#039;urgence et a \u00e9mis un ordre d&#039;\u00e9vacuation pour les 360 habitants. La Premi\u00e8re Nation de Bearskin Lake est accessible uniquement par avion\u2026 lire la suite<\/p>","protected":false},"author":7,"featured_media":92174,"comment_status":"close","ping_status":"open","sticky":false,"template":"","format":"standard","meta":{"wds_primary_category":19,"footnotes":""},"categories":[19],"tags":[108,106,145],"class_list":["post-92832","post","type-post","status-publish","format-standard","has-post-thumbnail","hentry","category-stories","tag-canada","tag-emergency-response","tag-news-and-stories"],"_links":{"self":[{"href":"https:\/\/adra.ca\/fr\/wp-json\/wp\/v2\/posts\/92832","targetHints":{"allow":["GET"]}}],"collection":[{"href":"https:\/\/adra.ca\/fr\/wp-json\/wp\/v2\/posts"}],"about":[{"href":"https:\/\/adra.ca\/fr\/wp-json\/wp\/v2\/types\/post"}],"author":[{"embeddable":true,"href":"https:\/\/adra.ca\/fr\/wp-json\/wp\/v2\/users\/7"}],"replies":[{"embeddable":true,"href":"https:\/\/adra.ca\/fr\/wp-json\/wp\/v2\/comments?post=92832"}],"version-history":[{"count":0,"href":"https:\/\/adra.ca\/fr\/wp-json\/wp\/v2\/posts\/92832\/revisions"}],"wp:featuredmedia":[{"embeddable":true,"href":"https:\/\/adra.ca\/fr\/wp-json\/wp\/v2\/media\/92174"}],"wp:attachment":[{"href":"https:\/\/adra.ca\/fr\/wp-json\/wp\/v2\/media?parent=92832"}],"wp:term":[{"taxonomy":"category","embeddable":true,"href":"https:\/\/adra.ca\/fr\/wp-json\/wp\/v2\/categories?post=92832"},{"taxonomy":"post_tag","embeddable":true,"href":"https:\/\/adra.ca\/fr\/wp-json\/wp\/v2\/tags?post=92832"}],"curies":[{"name":"wp","href":"https:\/\/api.w.org\/{rel}","templated":true}]}}