{"id":93911,"date":"2023-08-09T12:37:19","date_gmt":"2023-08-09T16:37:19","guid":{"rendered":"https:\/\/adra.ca\/?p=93911"},"modified":"2023-12-15T16:43:34","modified_gmt":"2023-12-15T21:43:34","slug":"on-the-frontlines-of-community-health","status":"publish","type":"post","link":"https:\/\/adra.ca\/fr\/stories\/on-the-frontlines-of-community-health\/","title":{"rendered":"En premi\u00e8re ligne de la sant\u00e9 communautaire"},"content":{"rendered":"<h3 class=\"wp-block-heading\"><strong>Les b\u00e9n\u00e9voles de la sant\u00e9 communautaire \u00e9tendent la port\u00e9e des \u00e9tablissements de sant\u00e9<\/strong><\/h3>\n\n\n\n<p><em>par : Solomon Mutisya, ADRA Kenya, avec Heather Grbic, ADRA Canada<\/em><\/p>\n\n\n\n<p>Imaginez que vous \u00eates un prestataire de soins de sant\u00e9 desservant une vaste r\u00e9gion. De nombreuses communaut\u00e9s de votre r\u00e9gion sont \u00e9loign\u00e9es et difficiles d\u2019acc\u00e8s. Pour compliquer encore les choses, de nombreux membres de la communaut\u00e9 n&#039;ont pas les moyens de transport ou les fonds n\u00e9cessaires pour faire le long voyage jusqu&#039;\u00e0 votre porte pour obtenir des soins et une \u00e9ducation sanitaire. Dans certains cas, les membres de la communaut\u00e9 ne voient pas la n\u00e9cessit\u00e9 de recourir \u00e0 des soins.<\/p>\n\n\n\n<p>Comment pouvez-vous am\u00e9liorer la sant\u00e9 et le bien-\u00eatre des personnes dont vous avez la charge\u00a0?<\/p>\n\n\n\n<p>C&#039;est l\u00e0 qu&#039;interviennent les volontaires de sant\u00e9 communautaire. Ils sont en premi\u00e8re ligne de la sant\u00e9 dans leurs communaut\u00e9s. En tant que membres de la communaut\u00e9, ils ont la confiance et le respect de la communaut\u00e9. Gr\u00e2ce \u00e0 eux, l&#039;offre de soins de sant\u00e9 est \u00e9tendue \u00e0 ces zones rurales, garantissant le droit \u00e0 la sant\u00e9 de tous.<\/p>\n\n\n\n<figure class=\"wp-block-image size-large\"><img fetchpriority=\"high\" decoding=\"async\" width=\"683\" height=\"1024\" src=\"http:\/\/adra.ca\/wp-content\/uploads\/2023\/08\/20230406130653_IMG_6271-683x1024.jpg\" alt=\"\" class=\"wp-image-93863\" srcset=\"https:\/\/adra.ca\/wp-content\/uploads\/2023\/08\/20230406130653_IMG_6271-683x1024.jpg 683w, https:\/\/adra.ca\/wp-content\/uploads\/2023\/08\/20230406130653_IMG_6271-scaled-1200x1800.jpg 1200w, https:\/\/adra.ca\/wp-content\/uploads\/2023\/08\/20230406130653_IMG_6271-200x300.jpg 200w, https:\/\/adra.ca\/wp-content\/uploads\/2023\/08\/20230406130653_IMG_6271-768x1152.jpg 768w, https:\/\/adra.ca\/wp-content\/uploads\/2023\/08\/20230406130653_IMG_6271-1024x1536.jpg 1024w, https:\/\/adra.ca\/wp-content\/uploads\/2023\/08\/20230406130653_IMG_6271-1365x2048.jpg 1365w, https:\/\/adra.ca\/wp-content\/uploads\/2023\/08\/20230406130653_IMG_6271-8x12.jpg 8w, https:\/\/adra.ca\/wp-content\/uploads\/2023\/08\/20230406130653_IMG_6271-scaled.jpg 1707w\" sizes=\"(max-width: 683px) 100vw, 683px\" \/><\/figure>\n\n\n\n<h3 class=\"wp-block-heading\"><strong>TOGETHER s&#039;associe \u00e0 des volontaires de sant\u00e9 communautaire au Kenya<\/strong><\/h3>\n\n\n\n<p>Le projet TOGETHER, avec un g\u00e9n\u00e9reux financement d&#039;Affaires mondiales Canada, s&#039;associe \u00e0 des b\u00e9n\u00e9voles en sant\u00e9 communautaire (ASC) dans le nord du Kenya. Gr\u00e2ce \u00e0 ces partenariats, les fournisseurs de soins de sant\u00e9 peuvent avoir une meilleure image de la sant\u00e9 et du bien-\u00eatre dans une communaut\u00e9 et r\u00e9agir en cons\u00e9quence.<\/p>\n\n\n\n<p>Bien s\u00fbr, la communaut\u00e9 en profite \u00e9galement. Les b\u00e9n\u00e9voles de la sant\u00e9 communautaire fournissent des informations sur la sant\u00e9 qui changent la vie et m\u00eame des r\u00e9f\u00e9rences vitales vers les \u00e9tablissements de sant\u00e9.<\/p>\n\n\n\n<p>Catherine Elim est ASC pour son unit\u00e9 communautaire \u00e0 Lokichoggio, au Kenya. Elle travaille en \u00e9troite collaboration avec ADRA depuis un an maintenant. Elle dit que la formation lui a donn\u00e9 des connaissances sur l&#039;eau, l&#039;hygi\u00e8ne et l&#039;assainissement (WASH), la violence bas\u00e9e sur le genre (VBG), 20<sup>\u00e8me<\/sup>des comp\u00e9tences de vie du si\u00e8cle dernier, des soins inclusifs centr\u00e9s sur la femme et des conseils. Tout cela l&#039;a aid\u00e9e \u00e0 mieux comprendre et \u00e0 mieux faire son travail d&#039;ASC.<\/p>\n\n\n\n<p>Son travail consiste \u00e0 orienter les femmes enceintes et les malades vers les h\u00f4pitaux et \u00e0 s&#039;assurer que les gens maintiennent l&#039;hygi\u00e8ne chez eux en les guidant dans les pratiques WASH de base comme se laver les mains et faire bouillir ou traiter l&#039;eau avant de la boire. Ce n&#039;est qu&#039;une partie de la fa\u00e7on dont Catherine se soucie de la sant\u00e9 de sa communaut\u00e9.&nbsp;<\/p>\n\n\n\n<figure class=\"wp-block-image size-large is-resized\"><img decoding=\"async\" data-src=\"http:\/\/adra.ca\/wp-content\/uploads\/2023\/08\/20230406130807_IMG_6277-1024x683.jpg\" alt=\"\" class=\"wp-image-93865 lazyload\" style=\"--smush-placeholder-width: 840px; --smush-placeholder-aspect-ratio: 840\/560;width:840px;height:560px\" width=\"840\" height=\"560\" data-srcset=\"https:\/\/adra.ca\/wp-content\/uploads\/2023\/08\/20230406130807_IMG_6277-1024x683.jpg 1024w, https:\/\/adra.ca\/wp-content\/uploads\/2023\/08\/20230406130807_IMG_6277-scaled-1200x800.jpg 1200w, https:\/\/adra.ca\/wp-content\/uploads\/2023\/08\/20230406130807_IMG_6277-300x200.jpg 300w, https:\/\/adra.ca\/wp-content\/uploads\/2023\/08\/20230406130807_IMG_6277-768x512.jpg 768w, https:\/\/adra.ca\/wp-content\/uploads\/2023\/08\/20230406130807_IMG_6277-1536x1024.jpg 1536w, https:\/\/adra.ca\/wp-content\/uploads\/2023\/08\/20230406130807_IMG_6277-2048x1365.jpg 2048w, https:\/\/adra.ca\/wp-content\/uploads\/2023\/08\/20230406130807_IMG_6277-18x12.jpg 18w\" data-sizes=\"(max-width: 840px) 100vw, 840px\" src=\"data:image\/svg+xml;base64,PHN2ZyB3aWR0aD0iMSIgaGVpZ2h0PSIxIiB4bWxucz0iaHR0cDovL3d3dy53My5vcmcvMjAwMC9zdmciPjwvc3ZnPg==\" \/><\/figure>\n\n\n\n<h3 class=\"wp-block-heading\"><strong>L&#039;histoire de Catherine<\/strong><\/h3>\n\n\n\n<p><em>\u00ab Je me souviens que lorsque j\u2019ai commenc\u00e9 ce travail, je n\u2019\u00e9tais pas assez confiant. Je ne pouvais m\u00eame pas me tenir debout ou parler dans la foule. Les s\u00e9ances de formation ont renforc\u00e9 ma confiance et je suis capable de dire quelque chose aux membres de la communaut\u00e9 sans crainte. J&#039;ai \u00e9galement particip\u00e9 \u00e0 la formation d&#039;adolescents le 21<sup>St<\/sup>comp\u00e9tences de vie du si\u00e8cle dernier et WASH.<\/em><\/p>\n\n\n\n<p><em>\u00ab Certaines choses que j&#039;ai apprises et que je ne savais pas, c&#039;est que les attouchements ou les commentaires ind\u00e9sirables restent une forme de violence bas\u00e9e sur le genre.<\/em><\/p>\n\n\n\n<p><em>\u00ab J\u2019ai \u00e9galement acquis de nombreuses connaissances qui m\u2019ont aid\u00e9 \u00e0 prendre soin de ma maison. Je dois guider mes enfants, surtout mes deux filles, en leur parlant des r\u00e9alit\u00e9s de la vie. Mes filles suivent \u00e9galement une formation sur les comp\u00e9tences de vie du 20e si\u00e8cle. J&#039;ai vu des changements dans leur fa\u00e7on de faire les choses.<\/em><\/p>\n\n\n\n<p><em>\u00abLe petit probl\u00e8me que j&#039;ai, c&#039;est comment commencer \u00e0 parler de sexualit\u00e9 avec ma fille, qui a maintenant 16 ans. Je veux m&#039;assurer qu&#039;elle ne tombe pas enceinte, car cela la ferait abandonner l&#039;\u00e9cole. Je ne veux vraiment pas que ce qui m&#039;est arriv\u00e9 arrive \u00e0 ma fille. J&#039;ai abandonn\u00e9 l&#039;\u00e9cole. Je veux cela non seulement pour ma fille mais aussi pour les filles de cette communaut\u00e9.<\/em><\/p>\n\n\n\n<p><em>\u00ab Je veux vraiment voir les cas de grossesses pr\u00e9coces diminuer. Ayant travaill\u00e9 dans le cadre de l&#039;h\u00f4pital, j&#039;aimerais vraiment qu&#039;ADRA soutienne notre h\u00f4pital en mati\u00e8re de nutrition et \u00e9quipe les maternit\u00e9s pour femmes pour inciter les femmes \u00e0 accoucher \u00e0 l&#039;h\u00f4pital.<\/em><\/p>\n\n\n\n<figure class=\"wp-block-image size-large\"><img decoding=\"async\" width=\"1024\" height=\"683\" data-src=\"http:\/\/adra.ca\/wp-content\/uploads\/2023\/08\/20230406130731_IMG_6273-1024x683.jpg\" alt=\"\" class=\"wp-image-93864 lazyload\" data-srcset=\"https:\/\/adra.ca\/wp-content\/uploads\/2023\/08\/20230406130731_IMG_6273-1024x683.jpg 1024w, https:\/\/adra.ca\/wp-content\/uploads\/2023\/08\/20230406130731_IMG_6273-scaled-1200x800.jpg 1200w, https:\/\/adra.ca\/wp-content\/uploads\/2023\/08\/20230406130731_IMG_6273-300x200.jpg 300w, https:\/\/adra.ca\/wp-content\/uploads\/2023\/08\/20230406130731_IMG_6273-768x512.jpg 768w, https:\/\/adra.ca\/wp-content\/uploads\/2023\/08\/20230406130731_IMG_6273-1536x1024.jpg 1536w, https:\/\/adra.ca\/wp-content\/uploads\/2023\/08\/20230406130731_IMG_6273-2048x1365.jpg 2048w, https:\/\/adra.ca\/wp-content\/uploads\/2023\/08\/20230406130731_IMG_6273-18x12.jpg 18w\" data-sizes=\"(max-width: 1024px) 100vw, 1024px\" src=\"data:image\/svg+xml;base64,PHN2ZyB3aWR0aD0iMSIgaGVpZ2h0PSIxIiB4bWxucz0iaHR0cDovL3d3dy53My5vcmcvMjAwMC9zdmciPjwvc3ZnPg==\" style=\"--smush-placeholder-width: 1024px; --smush-placeholder-aspect-ratio: 1024\/683;\" \/><\/figure>\n\n\n\n<h3 class=\"wp-block-heading\"><strong>Aller plus loin\u00a0: partager des messages de sant\u00e9 avec les autres<\/strong><\/h3>\n\n\n\n<p>TOGETHER soutient des actions de sant\u00e9 int\u00e9gr\u00e9es en collaboration avec l&#039;\u00e9tablissement de sant\u00e9 local. Les AC participent \u00e0 ces activit\u00e9s de proximit\u00e9 en fournissant des consultations, en distribuant les m\u00e9dicaments et les vaccins n\u00e9cessaires et en sensibilisant les jeunes et les adultes \u00e0 des sujets tels que la VBG, la planification familiale et la sant\u00e9 et les droits sexuels et reproductifs (SDSR).<\/p>\n\n\n\n<p>Catherine ne se contente cependant pas que sa communaut\u00e9 soit la seule \u00e0 en b\u00e9n\u00e9ficier. Elle et d&#039;autres ASC locaux sont tr\u00e8s motiv\u00e9s \u00e0 partager les messages de sant\u00e9 dans d&#039;autres villages \u00e0 travers ce qu&#039;ils appellent des journ\u00e9es de dialogue. Elles se rendent \u00e0 pied dans des villages plus recul\u00e9s, accessibles uniquement \u00e0 pied ou en moto, pour parler d&#039;hygi\u00e8ne, de soins pr\u00e9natals dans les cliniques, de l&#039;importance d&#039;accoucher \u00e0 l&#039;h\u00f4pital et de VBG.<\/p>\n\n\n\n<p>Catherine pense que les habitants de ces zones difficiles d&#039;acc\u00e8s ont besoin de ces informations pour pouvoir cesser de donner leurs jeunes filles en mariage. Le mariage des enfants est une violation des droits de l&#039;homme, a des implications majeures pour la sant\u00e9 des jeunes filles et de leurs enfants, et est une cause majeure de VBG. Elle esp\u00e8re qu&#039;ADRA pourra soutenir ces journ\u00e9es de dialogue et mieux atteindre les personnes tr\u00e8s \u00e9loign\u00e9es avec une assistance sanitaire.<\/p>\n\n\n\n<h3 class=\"wp-block-heading\"><strong>ENSEMBLE\u00a0: la sant\u00e9 pour tous<\/strong><\/h3>\n\n\n\n<p>Le projet TOGETHER, mis en \u0153uvre au Cambodge, au Kenya, aux Philippines et en Ouganda, veille \u00e0 ce que tous, en particulier les plus vuln\u00e9rables, puissent jouir de leurs droits humains li\u00e9s \u00e0 la sant\u00e9. Le partenariat avec les AC est une fa\u00e7on pour TOGETHER d&#039;atteindre son objectif.<\/p>\n\n\n\n<p>Votre soutien au travail d&#039;ADRA contribue \u00e0 rendre cela possible. Merci!<\/p>\n\n\n\n<p>Pour en savoir plus sur le projet TOGETHER, rendez-vous sur&nbsp;<a href=\"https:\/\/adra.ca\/fr\/health\/\">Sant\u00e9 \u2013 ADRA Canada<\/a>!<\/p>","protected":false},"excerpt":{"rendered":"<p>Imaginez que vous \u00eates un fournisseur de soins de sant\u00e9 desservant une vaste r\u00e9gion. De nombreuses communaut\u00e9s de votre r\u00e9gion sont \u00e9loign\u00e9es et difficiles \u00e0 atteindre. Pour compliquer encore les choses, de nombreux membres de la communaut\u00e9 n&#039;ont pas les moyens de transport ou les fonds n\u00e9cessaires pour faire le long trajet jusqu&#039;\u00e0 votre porte pour obtenir des soins\u2026 en savoir plus<\/p>","protected":false},"author":10,"featured_media":93865,"comment_status":"closed","ping_status":"open","sticky":false,"template":"","format":"standard","meta":{"wds_primary_category":19,"footnotes":""},"categories":[19],"tags":[102,171,170,149],"class_list":["post-93911","post","type-post","status-publish","format-standard","has-post-thumbnail","hentry","category-stories","tag-health","tag-projects","tag-stories","tag-together"],"_links":{"self":[{"href":"https:\/\/adra.ca\/fr\/wp-json\/wp\/v2\/posts\/93911","targetHints":{"allow":["GET"]}}],"collection":[{"href":"https:\/\/adra.ca\/fr\/wp-json\/wp\/v2\/posts"}],"about":[{"href":"https:\/\/adra.ca\/fr\/wp-json\/wp\/v2\/types\/post"}],"author":[{"embeddable":true,"href":"https:\/\/adra.ca\/fr\/wp-json\/wp\/v2\/users\/10"}],"replies":[{"embeddable":true,"href":"https:\/\/adra.ca\/fr\/wp-json\/wp\/v2\/comments?post=93911"}],"version-history":[{"count":0,"href":"https:\/\/adra.ca\/fr\/wp-json\/wp\/v2\/posts\/93911\/revisions"}],"wp:featuredmedia":[{"embeddable":true,"href":"https:\/\/adra.ca\/fr\/wp-json\/wp\/v2\/media\/93865"}],"wp:attachment":[{"href":"https:\/\/adra.ca\/fr\/wp-json\/wp\/v2\/media?parent=93911"}],"wp:term":[{"taxonomy":"category","embeddable":true,"href":"https:\/\/adra.ca\/fr\/wp-json\/wp\/v2\/categories?post=93911"},{"taxonomy":"post_tag","embeddable":true,"href":"https:\/\/adra.ca\/fr\/wp-json\/wp\/v2\/tags?post=93911"}],"curies":[{"name":"wp","href":"https:\/\/api.w.org\/{rel}","templated":true}]}}