{"id":97428,"date":"2023-11-10T17:24:27","date_gmt":"2023-11-10T22:24:27","guid":{"rendered":"https:\/\/adra.ca\/?p=97428"},"modified":"2023-12-15T16:44:34","modified_gmt":"2023-12-15T21:44:34","slug":"hurricane-otis","status":"publish","type":"post","link":"https:\/\/adra.ca\/fr\/news-releases\/hurricane-otis\/","title":{"rendered":"Ouragan-Otis"},"content":{"rendered":"<div data-elementor-type=\"wp-post\" data-elementor-id=\"97428\" class=\"elementor elementor-97428\" data-elementor-post-type=\"post\">\n\t\t\t\t<div class=\"elementor-element elementor-element-6bf210c8 e-flex e-con-boxed e-con e-parent\" data-id=\"6bf210c8\" data-element_type=\"container\" data-e-type=\"container\">\n\t\t\t\t\t<div class=\"e-con-inner\">\n\t\t\t\t<div class=\"elementor-element elementor-element-fcff359 elementor-widget elementor-widget-image\" data-id=\"fcff359\" data-element_type=\"widget\" data-e-type=\"widget\" data-widget_type=\"image.default\">\n\t\t\t\t<div class=\"elementor-widget-container\">\n\t\t\t\t\t\t\t\t\t\t\t\t\t\t\t<img fetchpriority=\"high\" decoding=\"async\" width=\"2048\" height=\"2560\" src=\"https:\/\/adra.ca\/wp-content\/uploads\/2023\/11\/Hurricane-Otis2-scaled.jpg\" class=\"attachment-full size-full wp-image-97437\" alt=\"\" srcset=\"https:\/\/adra.ca\/wp-content\/uploads\/2023\/11\/Hurricane-Otis2-scaled.jpg 2048w, https:\/\/adra.ca\/wp-content\/uploads\/2023\/11\/Hurricane-Otis2-scaled-1200x1500.jpg 1200w, https:\/\/adra.ca\/wp-content\/uploads\/2023\/11\/Hurricane-Otis2-240x300.jpg 240w, https:\/\/adra.ca\/wp-content\/uploads\/2023\/11\/Hurricane-Otis2-819x1024.jpg 819w, https:\/\/adra.ca\/wp-content\/uploads\/2023\/11\/Hurricane-Otis2-768x960.jpg 768w, https:\/\/adra.ca\/wp-content\/uploads\/2023\/11\/Hurricane-Otis2-1229x1536.jpg 1229w, https:\/\/adra.ca\/wp-content\/uploads\/2023\/11\/Hurricane-Otis2-1638x2048.jpg 1638w, https:\/\/adra.ca\/wp-content\/uploads\/2023\/11\/Hurricane-Otis2-10x12.jpg 10w\" sizes=\"(max-width: 2048px) 100vw, 2048px\" \/>\t\t\t\t\t\t\t\t\t\t\t\t\t\t\t<\/div>\n\t\t\t\t<\/div>\n\t\t\t\t<div class=\"elementor-element elementor-element-1b63a1d elementor-widget elementor-widget-text-editor\" data-id=\"1b63a1d\" data-element_type=\"widget\" data-e-type=\"widget\" data-widget_type=\"text-editor.default\">\n\t\t\t\t<div class=\"elementor-widget-container\">\n\t\t\t\t\t\t\t\t\t<p><\/p>\n<p>L&#039;ouragan Otis a commenc\u00e9 \u00e0 se former le 22 octobre 2023 et a frapp\u00e9 la c\u00f4te du Mexique le 25 octobre. Alors que les m\u00e9t\u00e9orologues locaux avaient initialement \u00e9valu\u00e9 Otis comme une temp\u00eate de cat\u00e9gorie 1, en seulement 12 heures, il s&#039;est intensifi\u00e9 pour devenir une temp\u00eate de cat\u00e9gorie 5, attrapant de nombreuses personnes. au d\u00e9pourvu.<\/p>\n<p>La ville d&#039;Acapulco et l&#039;\u00c9tat de Guerrero qui l&#039;entoure ont \u00e9t\u00e9 t\u00e9moins de l&#039;ouragan le plus violent jamais enregistr\u00e9 sur la c\u00f4te Pacifique des Am\u00e9riques. Avec environ 100 personnes mortes ou port\u00e9es disparues, 279 000 maisons endommag\u00e9es et 120 h\u00f4pitaux et cliniques d\u00e9truits par la temp\u00eate, le v\u00e9ritable bilan de cette catastrophe n&#039;est pas encore pleinement compris. \u00c0 l\u2019heure actuelle, environ 1,5 million de personnes sont touch\u00e9es et presque autant ont besoin d\u2019une aide humanitaire.<\/p>\n<p><\/p>\t\t\t\t\t\t\t\t<\/div>\n\t\t\t\t<\/div>\n\t\t\t\t<div class=\"elementor-element elementor-element-b145ced elementor-widget elementor-widget-image\" data-id=\"b145ced\" data-element_type=\"widget\" data-e-type=\"widget\" data-widget_type=\"image.default\">\n\t\t\t\t<div class=\"elementor-widget-container\">\n\t\t\t\t\t\t\t\t\t\t\t\t\t\t\t<img decoding=\"async\" width=\"640\" height=\"427\" data-src=\"https:\/\/adra.ca\/wp-content\/uploads\/2023\/11\/1205908278139811.idgFWO9FQkdsGt5c40V0_height640-1.png\" class=\"attachment-full size-full wp-image-97435 lazyload\" alt=\"\" data-srcset=\"https:\/\/adra.ca\/wp-content\/uploads\/2023\/11\/1205908278139811.idgFWO9FQkdsGt5c40V0_height640-1.png 640w, https:\/\/adra.ca\/wp-content\/uploads\/2023\/11\/1205908278139811.idgFWO9FQkdsGt5c40V0_height640-1-600x400.png 600w, https:\/\/adra.ca\/wp-content\/uploads\/2023\/11\/1205908278139811.idgFWO9FQkdsGt5c40V0_height640-1-300x200.png 300w, https:\/\/adra.ca\/wp-content\/uploads\/2023\/11\/1205908278139811.idgFWO9FQkdsGt5c40V0_height640-1-18x12.png 18w\" data-sizes=\"(max-width: 640px) 100vw, 640px\" src=\"data:image\/svg+xml;base64,PHN2ZyB3aWR0aD0iMSIgaGVpZ2h0PSIxIiB4bWxucz0iaHR0cDovL3d3dy53My5vcmcvMjAwMC9zdmciPjwvc3ZnPg==\" style=\"--smush-placeholder-width: 640px; --smush-placeholder-aspect-ratio: 640\/427;\" \/>\t\t\t\t\t\t\t\t\t\t\t\t\t\t\t<\/div>\n\t\t\t\t<\/div>\n\t\t\t\t<div class=\"elementor-element elementor-element-36870cf0 elementor-widget elementor-widget-text-editor\" data-id=\"36870cf0\" data-element_type=\"widget\" data-e-type=\"widget\" data-widget_type=\"text-editor.default\">\n\t\t\t\t<div class=\"elementor-widget-container\">\n\t\t\t\t\t\t\t\t\t<p><\/p>\n<p>ADRA a rapidement \u00e9valu\u00e9 et r\u00e9solu un probl\u00e8me important : l&#039;ouragan avait endommag\u00e9 des infrastructures cruciales, d\u00e9truisant efficacement les syst\u00e8mes de communication centraux. Compte tenu du nombre important de personnes port\u00e9es disparues lors de la temp\u00eate, il est devenu d\u2019une importance vitale d\u2019aider les familles \u00e0 renouer les liens. ADRA Mexique a jusqu&#039;\u00e0 pr\u00e9sent aid\u00e9 \u00e0 connecter 6 183 familles \u00e0 l&#039;Internet par satellite gratuit. Une aide en esp\u00e8ces polyvalente a \u00e9galement \u00e9t\u00e9 fournie jusqu&#039;\u00e0 pr\u00e9sent \u00e0 430 m\u00e9nages sous forme de cartes pr\u00e9pay\u00e9es, et le r\u00e9seau pr\u00e9voit d&#039;\u00e9tendre cette aide en esp\u00e8ces sur une p\u00e9riode de deux mois, dans le but d&#039;aider 1 500 m\u00e9nages.<\/p>\n<p>\u00c0 l&#039;heure actuelle, ADRA Canada a engag\u00e9 10 000 USD pour la r\u00e9ponse du r\u00e9seau. Les contributions au fonds d&#039;urgence d&#039;ADRA sont grandement appr\u00e9ci\u00e9es en ce moment.<\/p>\n<p><\/p>\t\t\t\t\t\t\t\t<\/div>\n\t\t\t\t<\/div>\n\t\t\t\t\t<\/div>\n\t\t\t\t<\/div>\n\t\t<div class=\"elementor-element elementor-element-90e47a5 e-flex e-con-boxed e-con e-parent\" data-id=\"90e47a5\" data-element_type=\"container\" data-e-type=\"container\">\n\t\t\t\t\t<div class=\"e-con-inner\">\n\t\t\t\t\t<\/div>\n\t\t\t\t<\/div>\n\t\t\t\t<\/div>","protected":false},"excerpt":{"rendered":"<p>L&#039;ouragan Otis a commenc\u00e9 \u00e0 se former le 22 octobre 2023 et a frapp\u00e9 la c\u00f4te du Mexique le 25 octobre. Alors que les m\u00e9t\u00e9orologues locaux avaient initialement \u00e9valu\u00e9 Otis comme une temp\u00eate de cat\u00e9gorie 1, en seulement 12 heures, il s&#039;est intensifi\u00e9 pour devenir une temp\u00eate de cat\u00e9gorie 5, attrapant de nombreuses personnes. au d\u00e9pourvu. <\/p>","protected":false},"author":15,"featured_media":97437,"comment_status":"closed","ping_status":"open","sticky":false,"template":"","format":"standard","meta":{"wds_primary_category":19,"footnotes":""},"categories":[61],"tags":[163,145,162],"class_list":["post-97428","post","type-post","status-publish","format-standard","has-post-thumbnail","hentry","category-news-releases","tag-earthquake","tag-news-and-stories","tag-otis-earthquake"],"_links":{"self":[{"href":"https:\/\/adra.ca\/fr\/wp-json\/wp\/v2\/posts\/97428","targetHints":{"allow":["GET"]}}],"collection":[{"href":"https:\/\/adra.ca\/fr\/wp-json\/wp\/v2\/posts"}],"about":[{"href":"https:\/\/adra.ca\/fr\/wp-json\/wp\/v2\/types\/post"}],"author":[{"embeddable":true,"href":"https:\/\/adra.ca\/fr\/wp-json\/wp\/v2\/users\/15"}],"replies":[{"embeddable":true,"href":"https:\/\/adra.ca\/fr\/wp-json\/wp\/v2\/comments?post=97428"}],"version-history":[{"count":0,"href":"https:\/\/adra.ca\/fr\/wp-json\/wp\/v2\/posts\/97428\/revisions"}],"wp:featuredmedia":[{"embeddable":true,"href":"https:\/\/adra.ca\/fr\/wp-json\/wp\/v2\/media\/97437"}],"wp:attachment":[{"href":"https:\/\/adra.ca\/fr\/wp-json\/wp\/v2\/media?parent=97428"}],"wp:term":[{"taxonomy":"category","embeddable":true,"href":"https:\/\/adra.ca\/fr\/wp-json\/wp\/v2\/categories?post=97428"},{"taxonomy":"post_tag","embeddable":true,"href":"https:\/\/adra.ca\/fr\/wp-json\/wp\/v2\/tags?post=97428"}],"curies":[{"name":"wp","href":"https:\/\/api.w.org\/{rel}","templated":true}]}}