{"id":98037,"date":"2023-12-06T12:34:17","date_gmt":"2023-12-06T17:34:17","guid":{"rendered":"https:\/\/adra.ca\/?p=98037"},"modified":"2023-12-06T17:47:16","modified_gmt":"2023-12-06T22:47:16","slug":"northern-connections","status":"publish","type":"post","link":"https:\/\/adra.ca\/fr\/stories\/northern-connections\/","title":{"rendered":"Northern Connections : Des jeunes adventistes au service des peuples autochtones"},"content":{"rendered":"<div data-elementor-type=\"wp-post\" data-elementor-id=\"98037\" class=\"elementor elementor-98037\" data-elementor-post-type=\"post\">\n\t\t\t\t<div class=\"elementor-element elementor-element-6bf210c8 e-flex e-con-boxed e-con e-parent\" data-id=\"6bf210c8\" data-element_type=\"container\" data-e-type=\"container\">\n\t\t\t\t\t<div class=\"e-con-inner\">\n\t\t\t\t<div class=\"elementor-element elementor-element-fcff359 elementor-widget elementor-widget-image\" data-id=\"fcff359\" data-element_type=\"widget\" data-e-type=\"widget\" data-widget_type=\"image.default\">\n\t\t\t\t<div class=\"elementor-widget-container\">\n\t\t\t\t\t\t\t\t\t\t\t\t\t\t\t<img fetchpriority=\"high\" decoding=\"async\" width=\"2047\" height=\"1152\" src=\"https:\/\/adra.ca\/wp-content\/uploads\/2023\/12\/main_large98.jpeg\" class=\"attachment-full size-full wp-image-98043\" alt=\"\" srcset=\"https:\/\/adra.ca\/wp-content\/uploads\/2023\/12\/main_large98.jpeg 2047w, https:\/\/adra.ca\/wp-content\/uploads\/2023\/12\/main_large98-1200x675.jpeg 1200w, https:\/\/adra.ca\/wp-content\/uploads\/2023\/12\/main_large98-300x169.jpeg 300w, https:\/\/adra.ca\/wp-content\/uploads\/2023\/12\/main_large98-1024x576.jpeg 1024w, https:\/\/adra.ca\/wp-content\/uploads\/2023\/12\/main_large98-768x432.jpeg 768w, https:\/\/adra.ca\/wp-content\/uploads\/2023\/12\/main_large98-1536x864.jpeg 1536w, https:\/\/adra.ca\/wp-content\/uploads\/2023\/12\/main_large98-18x10.jpeg 18w\" sizes=\"(max-width: 2047px) 100vw, 2047px\" \/>\t\t\t\t\t\t\t\t\t\t\t\t\t\t\t<\/div>\n\t\t\t\t<\/div>\n\t\t\t\t<div class=\"elementor-element elementor-element-1b63a1d elementor-widget elementor-widget-text-editor\" data-id=\"1b63a1d\" data-element_type=\"widget\" data-e-type=\"widget\" data-widget_type=\"text-editor.default\">\n\t\t\t\t<div class=\"elementor-widget-container\">\n\t\t\t\t\t\t\t\t\t<p><\/p>\n<p>\u00a0<\/p>\n<p><span style=\"color: var( --e-global-color-text ); font-family: var( --e-global-typography-text-font-family ), Sans-serif; font-size: var( --e-global-typography-text-font-size ); font-weight: var( --e-global-typography-text-font-weight ); text-align: var(--text-align);\">Aussi souvent qu&#039;ADRA Canada parle de la puissance du r\u00e9seau ADRA dans la gestion des situations d&#039;urgence et le travail de d\u00e9veloppement dans le monde entier, le r\u00e9seau ADRA est, \u00e0 bien des \u00e9gards, le reflet et l&#039;extension d&#039;un r\u00e9seau encore plus vaste : l&#039;\u00c9glise adventiste du septi\u00e8me jour mondiale. Ce ne sont pas seulement les diff\u00e9rents bureaux d&#039;ADRA dans plus d&#039;une centaine de pays qui font le succ\u00e8s du travail d&#039;ADRA ; c&#039;est \u00e9galement \u00e0 la communaut\u00e9 eccl\u00e9siale au sens large qu&#039;il incombe de cr\u00e9er et de piloter une vision de ce \u00e0 quoi peut ressembler le service \u00e0 nos communaut\u00e9s.<\/span><\/p>\n<p>Les jeunes et les jeunes adultes de l\u2019\u00c9glise adventiste du septi\u00e8me jour au Canada avaient pr\u00e9sent\u00e9 une vision de ce que signifierait r\u00e9ellement faire une diff\u00e9rence chez soi. Leur vision : travailler \u00e0 l&#039;am\u00e9lioration de la vie des gens d&#039;une mani\u00e8re qui r\u00e9ponde \u00e0 leurs besoins r\u00e9els. De cette vision est n\u00e9 un objectif\u00a0: faire quelque chose pour aider les peuples autochtones d\u2019une mani\u00e8re tangible, pratique et non manipulatrice qui favorise une v\u00e9ritable connexion et une v\u00e9ritable amiti\u00e9.<\/p>\n<p>\u00a0<\/p>\n<p><\/p>\t\t\t\t\t\t\t\t<\/div>\n\t\t\t\t<\/div>\n\t\t\t\t<div class=\"elementor-element elementor-element-b145ced elementor-widget elementor-widget-image\" data-id=\"b145ced\" data-element_type=\"widget\" data-e-type=\"widget\" data-widget_type=\"image.default\">\n\t\t\t\t<div class=\"elementor-widget-container\">\n\t\t\t\t\t\t\t\t\t\t\t\t\t\t\t<img decoding=\"async\" width=\"2047\" height=\"1152\" data-src=\"https:\/\/adra.ca\/wp-content\/uploads\/2023\/12\/main_large.jpeg\" class=\"attachment-full size-full wp-image-98040 lazyload\" alt=\"\" data-srcset=\"https:\/\/adra.ca\/wp-content\/uploads\/2023\/12\/main_large.jpeg 2047w, https:\/\/adra.ca\/wp-content\/uploads\/2023\/12\/main_large-1200x675.jpeg 1200w, https:\/\/adra.ca\/wp-content\/uploads\/2023\/12\/main_large-300x169.jpeg 300w, https:\/\/adra.ca\/wp-content\/uploads\/2023\/12\/main_large-1024x576.jpeg 1024w, https:\/\/adra.ca\/wp-content\/uploads\/2023\/12\/main_large-768x432.jpeg 768w, https:\/\/adra.ca\/wp-content\/uploads\/2023\/12\/main_large-1536x864.jpeg 1536w, https:\/\/adra.ca\/wp-content\/uploads\/2023\/12\/main_large-18x10.jpeg 18w\" data-sizes=\"(max-width: 2047px) 100vw, 2047px\" src=\"data:image\/svg+xml;base64,PHN2ZyB3aWR0aD0iMSIgaGVpZ2h0PSIxIiB4bWxucz0iaHR0cDovL3d3dy53My5vcmcvMjAwMC9zdmciPjwvc3ZnPg==\" style=\"--smush-placeholder-width: 2047px; --smush-placeholder-aspect-ratio: 2047\/1152;\" \/>\t\t\t\t\t\t\t\t\t\t\t\t\t\t\t<\/div>\n\t\t\t\t<\/div>\n\t\t\t\t<div class=\"elementor-element elementor-element-36870cf0 elementor-widget elementor-widget-text-editor\" data-id=\"36870cf0\" data-element_type=\"widget\" data-e-type=\"widget\" data-widget_type=\"text-editor.default\">\n\t\t\t\t<div class=\"elementor-widget-container\">\n\t\t\t\t\t\t\t\t\t<p><\/p>\n<p>\u00c0 partir du 10 ao\u00fbt 2023, quatre groupes de jeunes b\u00e9n\u00e9voles adventistes se sont rendus dans diverses communaut\u00e9s autochtones du nord de l\u2019Ontario : la Premi\u00e8re Nation de Lac Seul, la Premi\u00e8re Nation de Pikangikum, la Premi\u00e8re Nation de Whitesand et la Premi\u00e8re Nation de Kitchenuhmaykoosib Inninuwug.<\/p>\n<p>La relation de longue date d&#039;ADRA avec l&#039;organisation partenaire sur le terrain, l&#039;Alliance des Premi\u00e8res Nations Ind\u00e9pendantes (IFNA), a permis \u00e0 ces groupes de s&#039;associer aux c\u00f4t\u00e9s des peuples autochtones pour effectuer un travail significatif et pratique sur la pr\u00e9vention des incendies et la s\u00e9curit\u00e9 incendie - un sujet qui tient \u00e0 c\u0153ur \u00e0 de nombreux Canadiens apr\u00e8s une ann\u00e9e d\u2019incendies de for\u00eat d\u2019une ampleur inattendue. Aux c\u00f4t\u00e9s de l&#039;ancien responsable des programmes nationaux d&#039;ADRA Canada, Daniel Saugh, et de notre strat\u00e8ge en collecte de fonds num\u00e9rique et en m\u00e9dias sociaux Randy Sidaoui \u2013 qui ont tous deux accompagn\u00e9 le groupe \u00e0 Whitesand \u2013 les \u00e9quipes de jeunes adultes adventistes ont r\u00e9pondu aux besoins et aux projets importants dans ces r\u00e9serves.<\/p>\n<p><\/p>\t\t\t\t\t\t\t\t<\/div>\n\t\t\t\t<\/div>\n\t\t\t\t<div class=\"elementor-element elementor-element-f8bb94c elementor-widget elementor-widget-image\" data-id=\"f8bb94c\" data-element_type=\"widget\" data-e-type=\"widget\" data-widget_type=\"image.default\">\n\t\t\t\t<div class=\"elementor-widget-container\">\n\t\t\t\t\t\t\t\t\t\t\t\t\t\t\t<img decoding=\"async\" width=\"2047\" height=\"1152\" data-src=\"https:\/\/adra.ca\/wp-content\/uploads\/2023\/12\/main_large114.jpeg\" class=\"attachment-full size-full wp-image-98044 lazyload\" alt=\"\" data-srcset=\"https:\/\/adra.ca\/wp-content\/uploads\/2023\/12\/main_large114.jpeg 2047w, https:\/\/adra.ca\/wp-content\/uploads\/2023\/12\/main_large114-1200x675.jpeg 1200w, https:\/\/adra.ca\/wp-content\/uploads\/2023\/12\/main_large114-300x169.jpeg 300w, https:\/\/adra.ca\/wp-content\/uploads\/2023\/12\/main_large114-1024x576.jpeg 1024w, https:\/\/adra.ca\/wp-content\/uploads\/2023\/12\/main_large114-768x432.jpeg 768w, https:\/\/adra.ca\/wp-content\/uploads\/2023\/12\/main_large114-1536x864.jpeg 1536w, https:\/\/adra.ca\/wp-content\/uploads\/2023\/12\/main_large114-18x10.jpeg 18w\" data-sizes=\"(max-width: 2047px) 100vw, 2047px\" src=\"data:image\/svg+xml;base64,PHN2ZyB3aWR0aD0iMSIgaGVpZ2h0PSIxIiB4bWxucz0iaHR0cDovL3d3dy53My5vcmcvMjAwMC9zdmciPjwvc3ZnPg==\" style=\"--smush-placeholder-width: 2047px; --smush-placeholder-aspect-ratio: 2047\/1152;\" \/>\t\t\t\t\t\t\t\t\t\t\t\t\t\t\t<\/div>\n\t\t\t\t<\/div>\n\t\t\t\t<div class=\"elementor-element elementor-element-299db3e elementor-widget elementor-widget-text-editor\" data-id=\"299db3e\" data-element_type=\"widget\" data-e-type=\"widget\" data-widget_type=\"text-editor.default\">\n\t\t\t\t<div class=\"elementor-widget-container\">\n\t\t\t\t\t\t\t\t\t<p><\/p>\n<p>Sidaoui a d\u00e9crit l&#039;exp\u00e9rience :<\/p>\n<p>\u00ab Notre objectif principal \u00e9tait d\u2019\u00eatre solidaires avec les communaut\u00e9s autochtones, en travaillant sur la pr\u00e9vention des incendies, la protection et l\u2019aide au r\u00e9tablissement. C\u2019\u00e9tait \u00e9galement l\u2019occasion d\u2019apprendre des peuples autochtones sur leurs pr\u00e9cieuses et l\u00e9gendaires techniques de pr\u00e9servation des terres. Notre \u00e9quipe enthousiaste a aid\u00e9 \u00e0 installer des alarmes incendie dans des maisons qui n&#039;en avaient pas et a d\u00e9barrass\u00e9 les broussailles s\u00e8ches et autres d\u00e9bris d&#039;un pare-feu.<\/p>\n<p>Les \u00e9quipes ont \u00e9galement v\u00e9rifi\u00e9 les alarmes incendie pr\u00e9c\u00e9demment install\u00e9es pour s&#039;assurer qu&#039;elles fonctionnaient toujours et ont effectu\u00e9 diverses t\u00e2ches n\u00e9cessaires pour soutenir les travailleurs locaux : nettoyer les camions et la caserne de pompiers, num\u00e9roter et mettre \u00e0 jour les informations sur les maisons de la zone pour am\u00e9liorer l&#039;efficacit\u00e9 de la r\u00e9ponse aux catastrophes. , et offrir des repas aux ouvriers en signe d&#039;amiti\u00e9.<\/p>\n<p>\u00a0<\/p>\n<p><\/p>\t\t\t\t\t\t\t\t<\/div>\n\t\t\t\t<\/div>\n\t\t\t\t<div class=\"elementor-element elementor-element-d28089b elementor-widget elementor-widget-image\" data-id=\"d28089b\" data-element_type=\"widget\" data-e-type=\"widget\" data-widget_type=\"image.default\">\n\t\t\t\t<div class=\"elementor-widget-container\">\n\t\t\t\t\t\t\t\t\t\t\t\t\t\t\t<img decoding=\"async\" width=\"1600\" height=\"1200\" data-src=\"https:\/\/adra.ca\/wp-content\/uploads\/2023\/12\/1112.jpeg\" class=\"attachment-full size-full wp-image-98039 lazyload\" alt=\"\" data-srcset=\"https:\/\/adra.ca\/wp-content\/uploads\/2023\/12\/1112.jpeg 1600w, https:\/\/adra.ca\/wp-content\/uploads\/2023\/12\/1112-1200x900.jpeg 1200w, https:\/\/adra.ca\/wp-content\/uploads\/2023\/12\/1112-300x225.jpeg 300w, https:\/\/adra.ca\/wp-content\/uploads\/2023\/12\/1112-1024x768.jpeg 1024w, https:\/\/adra.ca\/wp-content\/uploads\/2023\/12\/1112-768x576.jpeg 768w, https:\/\/adra.ca\/wp-content\/uploads\/2023\/12\/1112-1536x1152.jpeg 1536w, https:\/\/adra.ca\/wp-content\/uploads\/2023\/12\/1112-16x12.jpeg 16w\" data-sizes=\"(max-width: 1600px) 100vw, 1600px\" src=\"data:image\/svg+xml;base64,PHN2ZyB3aWR0aD0iMSIgaGVpZ2h0PSIxIiB4bWxucz0iaHR0cDovL3d3dy53My5vcmcvMjAwMC9zdmciPjwvc3ZnPg==\" style=\"--smush-placeholder-width: 1600px; --smush-placeholder-aspect-ratio: 1600\/1200;\" \/>\t\t\t\t\t\t\t\t\t\t\t\t\t\t\t<\/div>\n\t\t\t\t<\/div>\n\t\t\t\t<div class=\"elementor-element elementor-element-34a81de elementor-widget elementor-widget-text-editor\" data-id=\"34a81de\" data-element_type=\"widget\" data-e-type=\"widget\" data-widget_type=\"text-editor.default\">\n\t\t\t\t<div class=\"elementor-widget-container\">\n\t\t\t\t\t\t\t\t\t<p><\/p>\n<p>Avant de travailler aux c\u00f4t\u00e9s des populations de ces pays, les membres de l&#039;\u00e9quipe ont tous re\u00e7u une formation de sensibilisation et ont \u00e9t\u00e9 encourag\u00e9s \u00e0 suivre le <em>4 saisons de r\u00e9conciliation <\/em>programme de formation cr\u00e9\u00e9 par l&#039;Universit\u00e9 des Premi\u00e8res Nations et rendu disponible par l&#039;interm\u00e9diaire des minist\u00e8res autochtones de l&#039;\u00c9glise adventiste du septi\u00e8me jour du Canada. Ces ressources de formation ont permis de garantir que les interactions entre les b\u00e9n\u00e9voles canadiens et les peuples autochtones \u00e9taient aussi respectueuses et amicales que possible.<\/p>\n<p><\/p>\t\t\t\t\t\t\t\t<\/div>\n\t\t\t\t<\/div>\n\t\t\t\t<div class=\"elementor-element elementor-element-4667fdc elementor-widget elementor-widget-image\" data-id=\"4667fdc\" data-element_type=\"widget\" data-e-type=\"widget\" data-widget_type=\"image.default\">\n\t\t\t\t<div class=\"elementor-widget-container\">\n\t\t\t\t\t\t\t\t\t\t\t\t\t\t\t<img decoding=\"async\" width=\"2047\" height=\"1152\" data-src=\"https:\/\/adra.ca\/wp-content\/uploads\/2023\/12\/main_large1135.jpeg\" class=\"attachment-full size-full wp-image-98046 lazyload\" alt=\"\" data-srcset=\"https:\/\/adra.ca\/wp-content\/uploads\/2023\/12\/main_large1135.jpeg 2047w, https:\/\/adra.ca\/wp-content\/uploads\/2023\/12\/main_large1135-1200x675.jpeg 1200w, https:\/\/adra.ca\/wp-content\/uploads\/2023\/12\/main_large1135-300x169.jpeg 300w, https:\/\/adra.ca\/wp-content\/uploads\/2023\/12\/main_large1135-1024x576.jpeg 1024w, https:\/\/adra.ca\/wp-content\/uploads\/2023\/12\/main_large1135-768x432.jpeg 768w, https:\/\/adra.ca\/wp-content\/uploads\/2023\/12\/main_large1135-1536x864.jpeg 1536w, https:\/\/adra.ca\/wp-content\/uploads\/2023\/12\/main_large1135-18x10.jpeg 18w\" data-sizes=\"(max-width: 2047px) 100vw, 2047px\" src=\"data:image\/svg+xml;base64,PHN2ZyB3aWR0aD0iMSIgaGVpZ2h0PSIxIiB4bWxucz0iaHR0cDovL3d3dy53My5vcmcvMjAwMC9zdmciPjwvc3ZnPg==\" style=\"--smush-placeholder-width: 2047px; --smush-placeholder-aspect-ratio: 2047\/1152;\" \/>\t\t\t\t\t\t\t\t\t\t\t\t\t\t\t<\/div>\n\t\t\t\t<\/div>\n\t\t\t\t<div class=\"elementor-element elementor-element-d8a0e53 elementor-widget elementor-widget-text-editor\" data-id=\"d8a0e53\" data-element_type=\"widget\" data-e-type=\"widget\" data-widget_type=\"text-editor.default\">\n\t\t\t\t<div class=\"elementor-widget-container\">\n\t\t\t\t\t\t\t\t\t<p><\/p>\n<p>Toujours du point de vue de Sidaoui : \u00ab Ce fut un voyage incroyable o\u00f9 nous avons rencontr\u00e9 des gens extraordinaires et accueillants. De nombreux jeunes que nous avons rencontr\u00e9s se soucient profond\u00e9ment de leur communaut\u00e9 et travaillent tr\u00e8s dur pour prot\u00e9ger les gens qui les entourent. L&#039;un d&#039;eux a dit : <em>Si nous ne prot\u00e9geons pas notre communaut\u00e9, qui d\u2019autre le fera ?<\/em> Ce fut une v\u00e9ritable b\u00e9n\u00e9diction et un\u00a0<span style=\"color: var( --e-global-color-text ); font-family: var( --e-global-typography-text-font-family ), Sans-serif; font-size: var( --e-global-typography-text-font-size ); font-weight: var( --e-global-typography-text-font-weight ); text-align: var(--text-align);\">exp\u00e9rience r\u00e9v\u00e9latrice d&#039;\u00eatre parmi eux pendant une semaine, de partager des repas avec eux et de participer \u00e0 l&#039;une de leurs c\u00e9r\u00e9monies traditionnelles. Les meilleurs aspects de cette exp\u00e9rience ont \u00e9t\u00e9 l\u2019accueil chaleureux que nous avons re\u00e7u dans la communaut\u00e9 et la chance de forger ce que nous esp\u00e9rons devenir de nouvelles amiti\u00e9s pour la vie.<\/span><\/p>\n<p><strong>Vous pouvez en savoir plus sur ADRA Canada et le travail de l&#039;IFNA en mati\u00e8re de pr\u00e9vention des incendies dans cet \u00e9pisode du podcast ADRA Insider\u00a0: <\/strong><a href=\"https:\/\/adrainsider.podbean.com\/e\/canadian-wildfire-response\/\"><strong>https:\/\/adrainsider.podbean.com\/e\/canadian-wildfire-response\/<\/strong><\/a><\/p>\n<p>\u00a0<\/p>\n<p><\/p>\t\t\t\t\t\t\t\t<\/div>\n\t\t\t\t<\/div>\n\t\t\t\t<div class=\"elementor-element elementor-element-57c7c0e elementor-widget elementor-widget-image\" data-id=\"57c7c0e\" data-element_type=\"widget\" data-e-type=\"widget\" data-widget_type=\"image.default\">\n\t\t\t\t<div class=\"elementor-widget-container\">\n\t\t\t\t\t\t\t\t\t\t\t\t\t\t\t<img decoding=\"async\" width=\"2047\" height=\"1152\" data-src=\"https:\/\/adra.ca\/wp-content\/uploads\/2023\/12\/main_large565.jpeg\" class=\"attachment-full size-full wp-image-98045 lazyload\" alt=\"\" data-srcset=\"https:\/\/adra.ca\/wp-content\/uploads\/2023\/12\/main_large565.jpeg 2047w, https:\/\/adra.ca\/wp-content\/uploads\/2023\/12\/main_large565-1200x675.jpeg 1200w, https:\/\/adra.ca\/wp-content\/uploads\/2023\/12\/main_large565-300x169.jpeg 300w, https:\/\/adra.ca\/wp-content\/uploads\/2023\/12\/main_large565-1024x576.jpeg 1024w, https:\/\/adra.ca\/wp-content\/uploads\/2023\/12\/main_large565-768x432.jpeg 768w, https:\/\/adra.ca\/wp-content\/uploads\/2023\/12\/main_large565-1536x864.jpeg 1536w, https:\/\/adra.ca\/wp-content\/uploads\/2023\/12\/main_large565-18x10.jpeg 18w\" data-sizes=\"(max-width: 2047px) 100vw, 2047px\" src=\"data:image\/svg+xml;base64,PHN2ZyB3aWR0aD0iMSIgaGVpZ2h0PSIxIiB4bWxucz0iaHR0cDovL3d3dy53My5vcmcvMjAwMC9zdmciPjwvc3ZnPg==\" style=\"--smush-placeholder-width: 2047px; --smush-placeholder-aspect-ratio: 2047\/1152;\" \/>\t\t\t\t\t\t\t\t\t\t\t\t\t\t\t<\/div>\n\t\t\t\t<\/div>\n\t\t\t\t\t<\/div>\n\t\t\t\t<\/div>\n\t\t<div class=\"elementor-element elementor-element-90e47a5 e-flex e-con-boxed e-con e-parent\" data-id=\"90e47a5\" data-element_type=\"container\" data-e-type=\"container\">\n\t\t\t\t\t<div class=\"e-con-inner\">\n\t\t\t\t\t<\/div>\n\t\t\t\t<\/div>\n\t\t\t\t<\/div>","protected":false},"excerpt":{"rendered":"<p>Les jeunes et les jeunes adultes de l\u2019\u00c9glise adventiste du septi\u00e8me jour au Canada avaient pr\u00e9sent\u00e9 une vision de ce que signifierait r\u00e9ellement faire une diff\u00e9rence chez soi. Leur vision : travailler \u00e0 l&#039;am\u00e9lioration de la vie des gens d&#039;une mani\u00e8re qui r\u00e9ponde \u00e0 leurs besoins r\u00e9els. De cette vision est n\u00e9 un objectif\u00a0: faire quelque chose pour aider les peuples autochtones d\u2019une mani\u00e8re tangible, pratique et non manipulatrice qui favorise une v\u00e9ritable connexion et une v\u00e9ritable amiti\u00e9.<\/p>","protected":false},"author":15,"featured_media":98042,"comment_status":"closed","ping_status":"open","sticky":false,"template":"elementor_theme","format":"standard","meta":{"wds_primary_category":19,"footnotes":""},"categories":[61,19,1],"tags":[168,145],"class_list":["post-98037","post","type-post","status-publish","format-standard","has-post-thumbnail","hentry","category-news-releases","category-stories","category-uncategorized","tag-canadian","tag-news-and-stories"],"_links":{"self":[{"href":"https:\/\/adra.ca\/fr\/wp-json\/wp\/v2\/posts\/98037","targetHints":{"allow":["GET"]}}],"collection":[{"href":"https:\/\/adra.ca\/fr\/wp-json\/wp\/v2\/posts"}],"about":[{"href":"https:\/\/adra.ca\/fr\/wp-json\/wp\/v2\/types\/post"}],"author":[{"embeddable":true,"href":"https:\/\/adra.ca\/fr\/wp-json\/wp\/v2\/users\/15"}],"replies":[{"embeddable":true,"href":"https:\/\/adra.ca\/fr\/wp-json\/wp\/v2\/comments?post=98037"}],"version-history":[{"count":0,"href":"https:\/\/adra.ca\/fr\/wp-json\/wp\/v2\/posts\/98037\/revisions"}],"wp:featuredmedia":[{"embeddable":true,"href":"https:\/\/adra.ca\/fr\/wp-json\/wp\/v2\/media\/98042"}],"wp:attachment":[{"href":"https:\/\/adra.ca\/fr\/wp-json\/wp\/v2\/media?parent=98037"}],"wp:term":[{"taxonomy":"category","embeddable":true,"href":"https:\/\/adra.ca\/fr\/wp-json\/wp\/v2\/categories?post=98037"},{"taxonomy":"post_tag","embeddable":true,"href":"https:\/\/adra.ca\/fr\/wp-json\/wp\/v2\/tags?post=98037"}],"curies":[{"name":"wp","href":"https:\/\/api.w.org\/{rel}","templated":true}]}}